{"id":9798,"date":"2022-11-02T11:32:32","date_gmt":"2022-11-02T10:32:32","guid":{"rendered":"https:\/\/www.plugandtrack.com\/?p=9798"},"modified":"2022-11-02T12:14:40","modified_gmt":"2022-11-02T11:14:40","slug":"senegal-plug-and-track-rencontre-entreprises-b2b","status":"publish","type":"post","link":"https:\/\/www.plugandtrack.com\/fr\/senegal-plug-and-track-rencontre-entreprises-b2b\/","title":{"rendered":"S\u00e9n\u00e9gal : Plug and Track rencontre les acteurs \u00e9conomiques B2B locaux"},"content":{"rendered":"<p><img fetchpriority=\"high\" decoding=\"async\" class=\"alignnone wp-image-9799 size-large\" src=\"https:\/\/www.plugandtrack.com\/wp-content\/uploads\/2022\/11\/Business-France-Senegal-1200x900.jpg\" alt=\"Plug and Track S\u00e9n\u00e9gal\" width=\"1200\" height=\"900\" srcset=\"https:\/\/www.plugandtrack.com\/wp-content\/uploads\/2022\/11\/Business-France-Senegal-1200x900.jpg 1200w, https:\/\/www.plugandtrack.com\/wp-content\/uploads\/2022\/11\/Business-France-Senegal-300x225.jpg 300w, https:\/\/www.plugandtrack.com\/wp-content\/uploads\/2022\/11\/Business-France-Senegal-768x576.jpg 768w, https:\/\/www.plugandtrack.com\/wp-content\/uploads\/2022\/11\/Business-France-Senegal-1536x1152.jpg 1536w, https:\/\/www.plugandtrack.com\/wp-content\/uploads\/2022\/11\/Business-France-Senegal.jpg 2048w\" sizes=\"(max-width: 1200px) 100vw, 1200px\" \/><\/p>\n<p><span style=\"font-size: 10px;\"><em>Photo : Business France S\u00e9n\u00e9gal\u00a0<\/em><\/span><\/p>\n<p>Du 25 au 27 octobre 2022 notre \u00e9quipe Plug and Track a eu l&#8217;occasion de se rendre au S\u00e9n\u00e9gal dans le cadre d&#8217;une mission organis\u00e9e par <a href=\"https:\/\/www.businessfrance.fr\/fiche-pays-senegal\" target=\"_blank\" rel=\"noopener\">Business France S\u00e9n\u00e9gal<\/a> pour le compte de la <a href=\"https:\/\/hautsdefrance.cci.fr\/cci-grand-lille\/\" target=\"_blank\" rel=\"noopener\">Chambre de commerce et d&#8217;industrie (CCI) du Grand Lille, en Hauts-de-France.<\/a><\/p>\n<p><span style=\"color: #62c5bc;\"><strong>Au programme :\u00a0<\/strong><\/span><\/p>\n<ul>\n<li>Un moment d&#8217;\u00e9change lors d&#8217;une matin\u00e9e consacr\u00e9e \u00e0 l&#8217;environnement des affaires et le partage d&#8217;exp\u00e9riences sur le S\u00e9n\u00e9gal.<\/li>\n<li>La\u00a0 visite d&#8217;un site industriel.<\/li>\n<li>Diff\u00e9rents ateliers de networking.<\/li>\n<li>Des rendez-vous B2B avec de nombreux acteurs \u00e9conomiques locaux.<\/li>\n<\/ul>\n<p>Accompagn\u00e9e de diff\u00e9rentes entreprises des Hauts-de-France qui innovent et se d\u00e9veloppent \u00e0 l&#8217;international, cette rencontre \u00e9tait l&#8217;occasion de d\u00e9couvrir les nombreuses opportunit\u00e9s qui se d\u00e9veloppent dans la 2\u00e8me \u00e9conomie d\u2019Afrique de l\u2019ouest francophone.<\/p>\n<h3>Les solutions de surveillance de la temp\u00e9rature Plug and Track au S\u00e9n\u00e9gal<\/h3>\n<p>Le S\u00e9n\u00e9gal innove et renforce constamment ses proc\u00e9dures en mati\u00e8re de contr\u00f4le de param\u00e8tres environnementaux. <strong>Les probl\u00e9matiques sont diverses :\u00a0<\/strong><\/p>\n<ul>\n<li>Contr\u00f4le de la temp\u00e9rature lors des campagnes de vaccination.<\/li>\n<li>Gestion de la cha\u00eene du froid sur les nouveaux projets de stockage frigorifique.<\/li>\n<li>Surveillance de temp\u00e9rature dans la logistique lors du transport de denr\u00e9es alimentaires ou de m\u00e9dicaments.<\/li>\n<\/ul>\n<p><span style=\"font-size: 1.6rem; letter-spacing: 0px;\">Nos <\/span><a style=\"font-size: 1.6rem; letter-spacing: 0px; background-color: #ffffff;\" href=\"https:\/\/www.plugandtrack.com\/fr\/solutions-services\/\" target=\"_blank\" rel=\"noopener\">enregistreurs, sondes, alarmes et logiciels de surveillance de temp\u00e9rature<\/a><span style=\"font-size: 1.6rem; letter-spacing: 0px;\"> Plug and Track ont toute leur place dans la strat\u00e9gie d&#8217;innovation du S\u00e9n\u00e9gal et nos \u00e9quipes ont pu faire d\u00e9couvrir nos solutions aux acteurs \u00e9conomiques locaux s\u00e9n\u00e9galais.\u00a0<\/span><\/p>\n<h3>Contact<\/h3>\n<p>Vous \u00eates entrepreneur au S\u00e9n\u00e9gal et vous souhaitez en savoir plus sur nos solutions ? Nos \u00e9quipes sont \u00e0 votre disposition. <span style=\"color: #62c5bc;\"><strong><a style=\"color: #62c5bc;\" href=\"https:\/\/www.plugandtrack.com\/fr\/contact\/\">Contactez-nous.<\/a><\/strong><\/span><\/p>\n","protected":false},"excerpt":{"rendered":"<p>Photo : Business France S\u00e9n\u00e9gal\u00a0 Du 25 au 27 octobre 2022 notre \u00e9quipe Plug and&#8230;<\/p>\n","protected":false},"author":7,"featured_media":9803,"comment_status":"open","ping_status":"open","sticky":false,"template":"","format":"standard","meta":{"_acf_changed":false,"footnotes":""},"categories":[18],"tags":[],"class_list":["post-9798","post","type-post","status-publish","format-standard","has-post-thumbnail","hentry","category-actualite"],"acf":[],"yoast_head":"<!-- This site is optimized with the Yoast SEO Premium plugin v26.6 (Yoast SEO v27.3) - https:\/\/yoast.com\/product\/yoast-seo-premium-wordpress\/ -->\n<title>Plug and Track au S\u00e9n\u00e9gal<\/title>\n<meta name=\"description\" content=\"Notre \u00e9quipe Plug and Track s&#039;est rendue au S\u00e9n\u00e9gal avec Business France S\u00e9n\u00e9gal pour \u00e9changer avec les acteurs \u00e9conomiques B2B locaux !\" \/>\n<meta name=\"robots\" content=\"index, follow, max-snippet:-1, max-image-preview:large, max-video-preview:-1\" \/>\n<link rel=\"canonical\" href=\"https:\/\/www.plugandtrack.com\/fr\/senegal-plug-and-track-rencontre-entreprises-b2b\/\" \/>\n<meta property=\"og:locale\" content=\"fr_FR\" \/>\n<meta property=\"og:type\" content=\"article\" \/>\n<meta property=\"og:title\" content=\"S\u00e9n\u00e9gal : Plug and Track rencontre les acteurs \u00e9conomiques B2B locaux - Plug and Track Actualit\u00e9s\" \/>\n<meta property=\"og:description\" content=\"Notre \u00e9quipe Plug and Track s&#039;est rendue au S\u00e9n\u00e9gal avec Business France S\u00e9n\u00e9gal pour \u00e9changer avec les acteurs \u00e9conomiques B2B locaux !\" \/>\n<meta property=\"og:url\" content=\"https:\/\/www.plugandtrack.com\/fr\/senegal-plug-and-track-rencontre-entreprises-b2b\/\" \/>\n<meta property=\"og:site_name\" content=\"Plug and Track\" \/>\n<meta property=\"article:published_time\" content=\"2022-11-02T10:32:32+00:00\" \/>\n<meta property=\"article:modified_time\" content=\"2022-11-02T11:14:40+00:00\" \/>\n<meta property=\"og:image\" content=\"https:\/\/www.plugandtrack.com\/wp-content\/uploads\/2022\/11\/Business-France-Senegal-logo-e1667385317392.jpg\" \/>\n\t<meta property=\"og:image:width\" content=\"400\" \/>\n\t<meta property=\"og:image:height\" content=\"327\" \/>\n\t<meta property=\"og:image:type\" content=\"image\/jpeg\" \/>\n<meta name=\"author\" content=\"tqueva\" \/>\n<meta name=\"twitter:card\" content=\"summary_large_image\" \/>\n<meta name=\"twitter:creator\" content=\"@plugandtrack\" \/>\n<meta name=\"twitter:site\" content=\"@plugandtrack\" \/>\n<meta name=\"twitter:label1\" content=\"\u00c9crit par\" \/>\n\t<meta name=\"twitter:data1\" content=\"tqueva\" \/>\n\t<meta name=\"twitter:label2\" content=\"Dur\u00e9e de lecture estim\u00e9e\" \/>\n\t<meta name=\"twitter:data2\" content=\"2 minutes\" \/>\n<script type=\"application\/ld+json\" class=\"yoast-schema-graph\">{\"@context\":\"https:\\\/\\\/schema.org\",\"@graph\":[{\"@type\":\"Article\",\"@id\":\"https:\\\/\\\/www.plugandtrack.com\\\/fr\\\/senegal-plug-and-track-rencontre-entreprises-b2b\\\/#article\",\"isPartOf\":{\"@id\":\"https:\\\/\\\/www.plugandtrack.com\\\/fr\\\/senegal-plug-and-track-rencontre-entreprises-b2b\\\/\"},\"author\":{\"name\":\"tqueva\",\"@id\":\"https:\\\/\\\/www.plugandtrack.com\\\/fr\\\/#\\\/schema\\\/person\\\/1b2f4834b89f82520c43252a411949ac\"},\"headline\":\"S\u00e9n\u00e9gal : Plug and Track rencontre les acteurs \u00e9conomiques B2B locaux\",\"datePublished\":\"2022-11-02T10:32:32+00:00\",\"dateModified\":\"2022-11-02T11:14:40+00:00\",\"mainEntityOfPage\":{\"@id\":\"https:\\\/\\\/www.plugandtrack.com\\\/fr\\\/senegal-plug-and-track-rencontre-entreprises-b2b\\\/\"},\"wordCount\":302,\"commentCount\":0,\"publisher\":{\"@id\":\"https:\\\/\\\/www.plugandtrack.com\\\/fr\\\/#organization\"},\"image\":{\"@id\":\"https:\\\/\\\/www.plugandtrack.com\\\/fr\\\/senegal-plug-and-track-rencontre-entreprises-b2b\\\/#primaryimage\"},\"thumbnailUrl\":\"https:\\\/\\\/www.plugandtrack.com\\\/wp-content\\\/uploads\\\/2022\\\/11\\\/Business-France-Senegal-logo-e1667385317392.jpg\",\"articleSection\":[\"Actualit\u00e9s\"],\"inLanguage\":\"fr-FR\",\"potentialAction\":[{\"@type\":\"CommentAction\",\"name\":\"Comment\",\"target\":[\"https:\\\/\\\/www.plugandtrack.com\\\/fr\\\/senegal-plug-and-track-rencontre-entreprises-b2b\\\/#respond\"]}]},{\"@type\":\"WebPage\",\"@id\":\"https:\\\/\\\/www.plugandtrack.com\\\/fr\\\/senegal-plug-and-track-rencontre-entreprises-b2b\\\/\",\"url\":\"https:\\\/\\\/www.plugandtrack.com\\\/fr\\\/senegal-plug-and-track-rencontre-entreprises-b2b\\\/\",\"name\":\"Plug and Track au S\u00e9n\u00e9gal\",\"isPartOf\":{\"@id\":\"https:\\\/\\\/www.plugandtrack.com\\\/fr\\\/#website\"},\"primaryImageOfPage\":{\"@id\":\"https:\\\/\\\/www.plugandtrack.com\\\/fr\\\/senegal-plug-and-track-rencontre-entreprises-b2b\\\/#primaryimage\"},\"image\":{\"@id\":\"https:\\\/\\\/www.plugandtrack.com\\\/fr\\\/senegal-plug-and-track-rencontre-entreprises-b2b\\\/#primaryimage\"},\"thumbnailUrl\":\"https:\\\/\\\/www.plugandtrack.com\\\/wp-content\\\/uploads\\\/2022\\\/11\\\/Business-France-Senegal-logo-e1667385317392.jpg\",\"datePublished\":\"2022-11-02T10:32:32+00:00\",\"dateModified\":\"2022-11-02T11:14:40+00:00\",\"description\":\"Notre \u00e9quipe Plug and Track s'est rendue au S\u00e9n\u00e9gal avec Business France S\u00e9n\u00e9gal pour \u00e9changer avec les acteurs \u00e9conomiques B2B locaux !\",\"inLanguage\":\"fr-FR\",\"potentialAction\":[{\"@type\":\"ReadAction\",\"target\":[\"https:\\\/\\\/www.plugandtrack.com\\\/fr\\\/senegal-plug-and-track-rencontre-entreprises-b2b\\\/\"]}]},{\"@type\":\"ImageObject\",\"inLanguage\":\"fr-FR\",\"@id\":\"https:\\\/\\\/www.plugandtrack.com\\\/fr\\\/senegal-plug-and-track-rencontre-entreprises-b2b\\\/#primaryimage\",\"url\":\"https:\\\/\\\/www.plugandtrack.com\\\/wp-content\\\/uploads\\\/2022\\\/11\\\/Business-France-Senegal-logo-e1667385317392.jpg\",\"contentUrl\":\"https:\\\/\\\/www.plugandtrack.com\\\/wp-content\\\/uploads\\\/2022\\\/11\\\/Business-France-Senegal-logo-e1667385317392.jpg\",\"width\":400,\"height\":327,\"caption\":\"Business France S\u00e9n\u00e9gal Logo\"},{\"@type\":\"WebSite\",\"@id\":\"https:\\\/\\\/www.plugandtrack.com\\\/fr\\\/#website\",\"url\":\"https:\\\/\\\/www.plugandtrack.com\\\/fr\\\/\",\"name\":\"Plug and Track\",\"description\":\"Sondes &amp; Enregistreurs de Temp\u00e9rature, Humidit\u00e9. Logiciels de contr\u00f4le et de surveillance avec envoi d&#039;alarmes\",\"publisher\":{\"@id\":\"https:\\\/\\\/www.plugandtrack.com\\\/fr\\\/#organization\"},\"potentialAction\":[{\"@type\":\"SearchAction\",\"target\":{\"@type\":\"EntryPoint\",\"urlTemplate\":\"https:\\\/\\\/www.plugandtrack.com\\\/fr\\\/?s={search_term_string}\"},\"query-input\":{\"@type\":\"PropertyValueSpecification\",\"valueRequired\":true,\"valueName\":\"search_term_string\"}}],\"inLanguage\":\"fr-FR\"},{\"@type\":\"Organization\",\"@id\":\"https:\\\/\\\/www.plugandtrack.com\\\/fr\\\/#organization\",\"name\":\"PLUG AND TRACK\",\"alternateName\":\"PROGES PLUS\",\"url\":\"https:\\\/\\\/www.plugandtrack.com\\\/fr\\\/\",\"logo\":{\"@type\":\"ImageObject\",\"inLanguage\":\"fr-FR\",\"@id\":\"https:\\\/\\\/www.plugandtrack.com\\\/fr\\\/#\\\/schema\\\/logo\\\/image\\\/\",\"url\":\"https:\\\/\\\/www.plugandtrack.com\\\/wp-content\\\/uploads\\\/2020\\\/03\\\/cropped-favicon-pat.png\",\"contentUrl\":\"https:\\\/\\\/www.plugandtrack.com\\\/wp-content\\\/uploads\\\/2020\\\/03\\\/cropped-favicon-pat.png\",\"width\":512,\"height\":512,\"caption\":\"PLUG AND TRACK\"},\"image\":{\"@id\":\"https:\\\/\\\/www.plugandtrack.com\\\/fr\\\/#\\\/schema\\\/logo\\\/image\\\/\"},\"sameAs\":[\"https:\\\/\\\/x.com\\\/plugandtrack\",\"https:\\\/\\\/www.linkedin.com\\\/company\\\/plug-and-track\"],\"description\":\"Plug and Track est une entreprise fran\u00e7aise, sp\u00e9cialis\u00e9e dans la surveillance en temps r\u00e9el des temp\u00e9ratures, de l\u2019humidit\u00e9 et d\u2019autres param\u00e8tres physiques essentiels pour divers secteurs tels que la pharmacie, l'agroalimentaire, et la recherche. Les produits de Plug and Track incluent des enregistreurs de temp\u00e9rature comme les Thermo et Hygro Boutons, des sondes de temp\u00e9rature connect\u00e9es en utilisant l\u2019ethernet, les liaisons sans fil, NB-IoT, GSM ausi que des solutions sp\u00e9cialis\u00e9es pour les camions frigorifiques et les serveurs informatiques. Ces dispositifs permettent non seulement un suivi d\u00e9taill\u00e9 mais aussi l'envoi d'alertes automatiques en cas de d\u00e9passements de seuils critiques, assurant ainsi la conformit\u00e9 r\u00e9glementaire et la s\u00e9curit\u00e9 des produits sensibles. Avec une gamme allant des sondes simples aux syst\u00e8mes int\u00e9gr\u00e9s plus complexes, Plug and Track r\u00e9pond aux besoins sp\u00e9cifiques de surveillance, de conformit\u00e9 r\u00e9glementaire, et d\u2019efficacit\u00e9 op\u00e9rationnelle pour ses clients. Leur engagement envers la qualit\u00e9 et l'innovation technologique fait de Plug and Track un leader dans le domaine de la surveillance de conditions critiques.\",\"email\":\"proges@proges.cpm\",\"telephone\":\"+33320646363\",\"legalName\":\"PROGES PLUS\",\"foundingDate\":\"1985-10-01\",\"vatID\":\"FR53333601573\",\"taxID\":\"FR5333360157300046\",\"numberOfEmployees\":{\"@type\":\"QuantitativeValue\",\"minValue\":\"11\",\"maxValue\":\"50\"}},{\"@type\":\"Person\",\"@id\":\"https:\\\/\\\/www.plugandtrack.com\\\/fr\\\/#\\\/schema\\\/person\\\/1b2f4834b89f82520c43252a411949ac\",\"name\":\"tqueva\",\"image\":{\"@type\":\"ImageObject\",\"inLanguage\":\"fr-FR\",\"@id\":\"https:\\\/\\\/secure.gravatar.com\\\/avatar\\\/026264ffbd40926ea429dd415307309029b259060230d55f77e73252badec96a?s=96&d=mm&r=g\",\"url\":\"https:\\\/\\\/secure.gravatar.com\\\/avatar\\\/026264ffbd40926ea429dd415307309029b259060230d55f77e73252badec96a?s=96&d=mm&r=g\",\"contentUrl\":\"https:\\\/\\\/secure.gravatar.com\\\/avatar\\\/026264ffbd40926ea429dd415307309029b259060230d55f77e73252badec96a?s=96&d=mm&r=g\",\"caption\":\"tqueva\"},\"url\":\"https:\\\/\\\/www.plugandtrack.com\\\/fr\\\/author\\\/tqueva\\\/\"}]}<\/script>\n<!-- \/ Yoast SEO Premium plugin. -->","yoast_head_json":{"title":"Plug and Track au S\u00e9n\u00e9gal","description":"Notre \u00e9quipe Plug and Track s'est rendue au S\u00e9n\u00e9gal avec Business France S\u00e9n\u00e9gal pour \u00e9changer avec les acteurs \u00e9conomiques B2B locaux !","robots":{"index":"index","follow":"follow","max-snippet":"max-snippet:-1","max-image-preview":"max-image-preview:large","max-video-preview":"max-video-preview:-1"},"canonical":"https:\/\/www.plugandtrack.com\/fr\/senegal-plug-and-track-rencontre-entreprises-b2b\/","og_locale":"fr_FR","og_type":"article","og_title":"S\u00e9n\u00e9gal : Plug and Track rencontre les acteurs \u00e9conomiques B2B locaux - Plug and Track Actualit\u00e9s","og_description":"Notre \u00e9quipe Plug and Track s'est rendue au S\u00e9n\u00e9gal avec Business France S\u00e9n\u00e9gal pour \u00e9changer avec les acteurs \u00e9conomiques B2B locaux !","og_url":"https:\/\/www.plugandtrack.com\/fr\/senegal-plug-and-track-rencontre-entreprises-b2b\/","og_site_name":"Plug and Track","article_published_time":"2022-11-02T10:32:32+00:00","article_modified_time":"2022-11-02T11:14:40+00:00","og_image":[{"width":400,"height":327,"url":"https:\/\/www.plugandtrack.com\/wp-content\/uploads\/2022\/11\/Business-France-Senegal-logo-e1667385317392.jpg","type":"image\/jpeg"}],"author":"tqueva","twitter_card":"summary_large_image","twitter_creator":"@plugandtrack","twitter_site":"@plugandtrack","twitter_misc":{"\u00c9crit par":"tqueva","Dur\u00e9e de lecture estim\u00e9e":"2 minutes"},"schema":{"@context":"https:\/\/schema.org","@graph":[{"@type":"Article","@id":"https:\/\/www.plugandtrack.com\/fr\/senegal-plug-and-track-rencontre-entreprises-b2b\/#article","isPartOf":{"@id":"https:\/\/www.plugandtrack.com\/fr\/senegal-plug-and-track-rencontre-entreprises-b2b\/"},"author":{"name":"tqueva","@id":"https:\/\/www.plugandtrack.com\/fr\/#\/schema\/person\/1b2f4834b89f82520c43252a411949ac"},"headline":"S\u00e9n\u00e9gal : Plug and Track rencontre les acteurs \u00e9conomiques B2B locaux","datePublished":"2022-11-02T10:32:32+00:00","dateModified":"2022-11-02T11:14:40+00:00","mainEntityOfPage":{"@id":"https:\/\/www.plugandtrack.com\/fr\/senegal-plug-and-track-rencontre-entreprises-b2b\/"},"wordCount":302,"commentCount":0,"publisher":{"@id":"https:\/\/www.plugandtrack.com\/fr\/#organization"},"image":{"@id":"https:\/\/www.plugandtrack.com\/fr\/senegal-plug-and-track-rencontre-entreprises-b2b\/#primaryimage"},"thumbnailUrl":"https:\/\/www.plugandtrack.com\/wp-content\/uploads\/2022\/11\/Business-France-Senegal-logo-e1667385317392.jpg","articleSection":["Actualit\u00e9s"],"inLanguage":"fr-FR","potentialAction":[{"@type":"CommentAction","name":"Comment","target":["https:\/\/www.plugandtrack.com\/fr\/senegal-plug-and-track-rencontre-entreprises-b2b\/#respond"]}]},{"@type":"WebPage","@id":"https:\/\/www.plugandtrack.com\/fr\/senegal-plug-and-track-rencontre-entreprises-b2b\/","url":"https:\/\/www.plugandtrack.com\/fr\/senegal-plug-and-track-rencontre-entreprises-b2b\/","name":"Plug and Track au S\u00e9n\u00e9gal","isPartOf":{"@id":"https:\/\/www.plugandtrack.com\/fr\/#website"},"primaryImageOfPage":{"@id":"https:\/\/www.plugandtrack.com\/fr\/senegal-plug-and-track-rencontre-entreprises-b2b\/#primaryimage"},"image":{"@id":"https:\/\/www.plugandtrack.com\/fr\/senegal-plug-and-track-rencontre-entreprises-b2b\/#primaryimage"},"thumbnailUrl":"https:\/\/www.plugandtrack.com\/wp-content\/uploads\/2022\/11\/Business-France-Senegal-logo-e1667385317392.jpg","datePublished":"2022-11-02T10:32:32+00:00","dateModified":"2022-11-02T11:14:40+00:00","description":"Notre \u00e9quipe Plug and Track s'est rendue au S\u00e9n\u00e9gal avec Business France S\u00e9n\u00e9gal pour \u00e9changer avec les acteurs \u00e9conomiques B2B locaux !","inLanguage":"fr-FR","potentialAction":[{"@type":"ReadAction","target":["https:\/\/www.plugandtrack.com\/fr\/senegal-plug-and-track-rencontre-entreprises-b2b\/"]}]},{"@type":"ImageObject","inLanguage":"fr-FR","@id":"https:\/\/www.plugandtrack.com\/fr\/senegal-plug-and-track-rencontre-entreprises-b2b\/#primaryimage","url":"https:\/\/www.plugandtrack.com\/wp-content\/uploads\/2022\/11\/Business-France-Senegal-logo-e1667385317392.jpg","contentUrl":"https:\/\/www.plugandtrack.com\/wp-content\/uploads\/2022\/11\/Business-France-Senegal-logo-e1667385317392.jpg","width":400,"height":327,"caption":"Business France S\u00e9n\u00e9gal Logo"},{"@type":"WebSite","@id":"https:\/\/www.plugandtrack.com\/fr\/#website","url":"https:\/\/www.plugandtrack.com\/fr\/","name":"Plug and Track","description":"Sondes &amp; Enregistreurs de Temp\u00e9rature, Humidit\u00e9. Logiciels de contr\u00f4le et de surveillance avec envoi d&#039;alarmes","publisher":{"@id":"https:\/\/www.plugandtrack.com\/fr\/#organization"},"potentialAction":[{"@type":"SearchAction","target":{"@type":"EntryPoint","urlTemplate":"https:\/\/www.plugandtrack.com\/fr\/?s={search_term_string}"},"query-input":{"@type":"PropertyValueSpecification","valueRequired":true,"valueName":"search_term_string"}}],"inLanguage":"fr-FR"},{"@type":"Organization","@id":"https:\/\/www.plugandtrack.com\/fr\/#organization","name":"PLUG AND TRACK","alternateName":"PROGES PLUS","url":"https:\/\/www.plugandtrack.com\/fr\/","logo":{"@type":"ImageObject","inLanguage":"fr-FR","@id":"https:\/\/www.plugandtrack.com\/fr\/#\/schema\/logo\/image\/","url":"https:\/\/www.plugandtrack.com\/wp-content\/uploads\/2020\/03\/cropped-favicon-pat.png","contentUrl":"https:\/\/www.plugandtrack.com\/wp-content\/uploads\/2020\/03\/cropped-favicon-pat.png","width":512,"height":512,"caption":"PLUG AND TRACK"},"image":{"@id":"https:\/\/www.plugandtrack.com\/fr\/#\/schema\/logo\/image\/"},"sameAs":["https:\/\/x.com\/plugandtrack","https:\/\/www.linkedin.com\/company\/plug-and-track"],"description":"Plug and Track est une entreprise fran\u00e7aise, sp\u00e9cialis\u00e9e dans la surveillance en temps r\u00e9el des temp\u00e9ratures, de l\u2019humidit\u00e9 et d\u2019autres param\u00e8tres physiques essentiels pour divers secteurs tels que la pharmacie, l'agroalimentaire, et la recherche. Les produits de Plug and Track incluent des enregistreurs de temp\u00e9rature comme les Thermo et Hygro Boutons, des sondes de temp\u00e9rature connect\u00e9es en utilisant l\u2019ethernet, les liaisons sans fil, NB-IoT, GSM ausi que des solutions sp\u00e9cialis\u00e9es pour les camions frigorifiques et les serveurs informatiques. Ces dispositifs permettent non seulement un suivi d\u00e9taill\u00e9 mais aussi l'envoi d'alertes automatiques en cas de d\u00e9passements de seuils critiques, assurant ainsi la conformit\u00e9 r\u00e9glementaire et la s\u00e9curit\u00e9 des produits sensibles. Avec une gamme allant des sondes simples aux syst\u00e8mes int\u00e9gr\u00e9s plus complexes, Plug and Track r\u00e9pond aux besoins sp\u00e9cifiques de surveillance, de conformit\u00e9 r\u00e9glementaire, et d\u2019efficacit\u00e9 op\u00e9rationnelle pour ses clients. Leur engagement envers la qualit\u00e9 et l'innovation technologique fait de Plug and Track un leader dans le domaine de la surveillance de conditions critiques.","email":"proges@proges.cpm","telephone":"+33320646363","legalName":"PROGES PLUS","foundingDate":"1985-10-01","vatID":"FR53333601573","taxID":"FR5333360157300046","numberOfEmployees":{"@type":"QuantitativeValue","minValue":"11","maxValue":"50"}},{"@type":"Person","@id":"https:\/\/www.plugandtrack.com\/fr\/#\/schema\/person\/1b2f4834b89f82520c43252a411949ac","name":"tqueva","image":{"@type":"ImageObject","inLanguage":"fr-FR","@id":"https:\/\/secure.gravatar.com\/avatar\/026264ffbd40926ea429dd415307309029b259060230d55f77e73252badec96a?s=96&d=mm&r=g","url":"https:\/\/secure.gravatar.com\/avatar\/026264ffbd40926ea429dd415307309029b259060230d55f77e73252badec96a?s=96&d=mm&r=g","contentUrl":"https:\/\/secure.gravatar.com\/avatar\/026264ffbd40926ea429dd415307309029b259060230d55f77e73252badec96a?s=96&d=mm&r=g","caption":"tqueva"},"url":"https:\/\/www.plugandtrack.com\/fr\/author\/tqueva\/"}]}},"_links":{"self":[{"href":"https:\/\/www.plugandtrack.com\/fr\/wp-json\/wp\/v2\/posts\/9798","targetHints":{"allow":["GET"]}}],"collection":[{"href":"https:\/\/www.plugandtrack.com\/fr\/wp-json\/wp\/v2\/posts"}],"about":[{"href":"https:\/\/www.plugandtrack.com\/fr\/wp-json\/wp\/v2\/types\/post"}],"author":[{"embeddable":true,"href":"https:\/\/www.plugandtrack.com\/fr\/wp-json\/wp\/v2\/users\/7"}],"replies":[{"embeddable":true,"href":"https:\/\/www.plugandtrack.com\/fr\/wp-json\/wp\/v2\/comments?post=9798"}],"version-history":[{"count":0,"href":"https:\/\/www.plugandtrack.com\/fr\/wp-json\/wp\/v2\/posts\/9798\/revisions"}],"wp:featuredmedia":[{"embeddable":true,"href":"https:\/\/www.plugandtrack.com\/fr\/wp-json\/wp\/v2\/media\/9803"}],"wp:attachment":[{"href":"https:\/\/www.plugandtrack.com\/fr\/wp-json\/wp\/v2\/media?parent=9798"}],"wp:term":[{"taxonomy":"category","embeddable":true,"href":"https:\/\/www.plugandtrack.com\/fr\/wp-json\/wp\/v2\/categories?post=9798"},{"taxonomy":"post_tag","embeddable":true,"href":"https:\/\/www.plugandtrack.com\/fr\/wp-json\/wp\/v2\/tags?post=9798"}],"curies":[{"name":"wp","href":"https:\/\/api.w.org\/{rel}","templated":true}]}}