{"id":2437,"date":"2012-02-25T16:32:12","date_gmt":"2012-02-25T15:32:12","guid":{"rendered":"https:\/\/www.plugandtrack.com\/?p=2437"},"modified":"2021-04-13T11:44:00","modified_gmt":"2021-04-13T09:44:00","slug":"plug-and-track-lactivite-tracabilite-de-temperature-de-proges-plus-innove-en-permanence","status":"publish","type":"post","link":"https:\/\/www.plugandtrack.com\/fr\/plug-and-track-lactivite-tracabilite-de-temperature-de-proges-plus-innove-en-permanence\/","title":{"rendered":"Plug and Track, l&#8217;activit\u00e9 tra\u00e7abilit\u00e9 de temp\u00e9rature de Proges Plus, innove en permanence"},"content":{"rendered":"<h3>D\u00e9couvrez la vid\u00e9o tourn\u00e9e avec le r\u00e9seau <a href=\"http:\/\/www.hautsdefrance-id.fr\/\" target=\"_blank\" rel=\"noopener noreferrer\">J&#8217;innove en Nord Pas de Calais !<\/a><\/h3>\n<p><iframe src=\"https:\/\/www.youtube.com\/embed\/jROfMbGJj-g\" width=\"560\" height=\"315\" frameborder=\"0\" allowfullscreen=\"allowfullscreen\"><\/iframe><\/p>\n","protected":false},"excerpt":{"rendered":"<p>D\u00e9couvrez la vid\u00e9o tourn\u00e9e avec le r\u00e9seau J&#8217;innove en Nord Pas de Calais !<\/p>\n","protected":false},"author":7,"featured_media":0,"comment_status":"open","ping_status":"open","sticky":false,"template":"","format":"standard","meta":{"_acf_changed":false,"footnotes":""},"categories":[18],"tags":[],"class_list":["post-2437","post","type-post","status-publish","format-standard","hentry","category-actualite"],"acf":[],"yoast_head":"<!-- This site is optimized with the Yoast SEO Premium plugin v26.6 (Yoast SEO v27.3) - https:\/\/yoast.com\/product\/yoast-seo-premium-wordpress\/ -->\n<title>Plug and Track, expert en tra\u00e7abilit\u00e9 de temp\u00e9rature, innove !<\/title>\n<meta name=\"description\" content=\"D\u00e9couvrez la vid\u00e9o de Benoist Mac\u00e9, Directeur d&#039;activit\u00e9 Plug and Track, tourn\u00e9e avec le r\u00e9seau J&#039;Innove en Nord-Pas-de-Calais !\" \/>\n<meta name=\"robots\" content=\"noindex, nofollow\" \/>\n<meta property=\"og:locale\" content=\"fr_FR\" \/>\n<meta property=\"og:type\" content=\"article\" \/>\n<meta property=\"og:title\" content=\"Plug and Track, l&#039;activit\u00e9 tra\u00e7abilit\u00e9 de temp\u00e9rature de Proges Plus, innove en permanence - Plug and Track\" \/>\n<meta property=\"og:description\" content=\"D\u00e9couvrez la vid\u00e9o de Benoist Mac\u00e9, Directeur d&#039;activit\u00e9 Plug and Track, tourn\u00e9e avec le r\u00e9seau J&#039;Innove en Nord-Pas-de-Calais !\" \/>\n<meta property=\"og:url\" content=\"https:\/\/www.plugandtrack.com\/fr\/plug-and-track-lactivite-tracabilite-de-temperature-de-proges-plus-innove-en-permanence\/\" \/>\n<meta property=\"og:site_name\" content=\"Plug and Track\" \/>\n<meta property=\"article:published_time\" content=\"2012-02-25T15:32:12+00:00\" \/>\n<meta property=\"article:modified_time\" content=\"2021-04-13T09:44:00+00:00\" \/>\n<meta name=\"author\" content=\"tqueva\" \/>\n<meta name=\"twitter:card\" content=\"summary_large_image\" \/>\n<meta name=\"twitter:creator\" content=\"@plugandtrack\" \/>\n<meta name=\"twitter:site\" content=\"@plugandtrack\" \/>\n<meta name=\"twitter:label1\" content=\"\u00c9crit par\" \/>\n\t<meta name=\"twitter:data1\" content=\"tqueva\" \/>\n<script type=\"application\/ld+json\" class=\"yoast-schema-graph\">{\"@context\":\"https:\\\/\\\/schema.org\",\"@graph\":[{\"@type\":\"Article\",\"@id\":\"https:\\\/\\\/www.plugandtrack.com\\\/fr\\\/plug-and-track-lactivite-tracabilite-de-temperature-de-proges-plus-innove-en-permanence\\\/#article\",\"isPartOf\":{\"@id\":\"https:\\\/\\\/www.plugandtrack.com\\\/fr\\\/plug-and-track-lactivite-tracabilite-de-temperature-de-proges-plus-innove-en-permanence\\\/\"},\"author\":{\"name\":\"tqueva\",\"@id\":\"https:\\\/\\\/www.plugandtrack.com\\\/fr\\\/#\\\/schema\\\/person\\\/1b2f4834b89f82520c43252a411949ac\"},\"headline\":\"Plug and Track, l&#8217;activit\u00e9 tra\u00e7abilit\u00e9 de temp\u00e9rature de Proges Plus, innove en permanence\",\"datePublished\":\"2012-02-25T15:32:12+00:00\",\"dateModified\":\"2021-04-13T09:44:00+00:00\",\"mainEntityOfPage\":{\"@id\":\"https:\\\/\\\/www.plugandtrack.com\\\/fr\\\/plug-and-track-lactivite-tracabilite-de-temperature-de-proges-plus-innove-en-permanence\\\/\"},\"wordCount\":32,\"commentCount\":0,\"publisher\":{\"@id\":\"https:\\\/\\\/www.plugandtrack.com\\\/fr\\\/#organization\"},\"articleSection\":[\"Actualit\u00e9s\"],\"inLanguage\":\"fr-FR\",\"potentialAction\":[{\"@type\":\"CommentAction\",\"name\":\"Comment\",\"target\":[\"https:\\\/\\\/www.plugandtrack.com\\\/fr\\\/plug-and-track-lactivite-tracabilite-de-temperature-de-proges-plus-innove-en-permanence\\\/#respond\"]}]},{\"@type\":\"WebPage\",\"@id\":\"https:\\\/\\\/www.plugandtrack.com\\\/fr\\\/plug-and-track-lactivite-tracabilite-de-temperature-de-proges-plus-innove-en-permanence\\\/\",\"url\":\"https:\\\/\\\/www.plugandtrack.com\\\/fr\\\/plug-and-track-lactivite-tracabilite-de-temperature-de-proges-plus-innove-en-permanence\\\/\",\"name\":\"Plug and Track, expert en tra\u00e7abilit\u00e9 de temp\u00e9rature, innove !\",\"isPartOf\":{\"@id\":\"https:\\\/\\\/www.plugandtrack.com\\\/fr\\\/#website\"},\"datePublished\":\"2012-02-25T15:32:12+00:00\",\"dateModified\":\"2021-04-13T09:44:00+00:00\",\"description\":\"D\u00e9couvrez la vid\u00e9o de Benoist Mac\u00e9, Directeur d'activit\u00e9 Plug and Track, tourn\u00e9e avec le r\u00e9seau J'Innove en Nord-Pas-de-Calais !\",\"inLanguage\":\"fr-FR\",\"potentialAction\":[{\"@type\":\"ReadAction\",\"target\":[\"https:\\\/\\\/www.plugandtrack.com\\\/fr\\\/plug-and-track-lactivite-tracabilite-de-temperature-de-proges-plus-innove-en-permanence\\\/\"]}]},{\"@type\":\"WebSite\",\"@id\":\"https:\\\/\\\/www.plugandtrack.com\\\/fr\\\/#website\",\"url\":\"https:\\\/\\\/www.plugandtrack.com\\\/fr\\\/\",\"name\":\"Plug and Track\",\"description\":\"Sondes &amp; Enregistreurs de Temp\u00e9rature, Humidit\u00e9. Logiciels de contr\u00f4le et de surveillance avec envoi d&#039;alarmes\",\"publisher\":{\"@id\":\"https:\\\/\\\/www.plugandtrack.com\\\/fr\\\/#organization\"},\"potentialAction\":[{\"@type\":\"SearchAction\",\"target\":{\"@type\":\"EntryPoint\",\"urlTemplate\":\"https:\\\/\\\/www.plugandtrack.com\\\/fr\\\/?s={search_term_string}\"},\"query-input\":{\"@type\":\"PropertyValueSpecification\",\"valueRequired\":true,\"valueName\":\"search_term_string\"}}],\"inLanguage\":\"fr-FR\"},{\"@type\":\"Organization\",\"@id\":\"https:\\\/\\\/www.plugandtrack.com\\\/fr\\\/#organization\",\"name\":\"PLUG AND TRACK\",\"alternateName\":\"PROGES PLUS\",\"url\":\"https:\\\/\\\/www.plugandtrack.com\\\/fr\\\/\",\"logo\":{\"@type\":\"ImageObject\",\"inLanguage\":\"fr-FR\",\"@id\":\"https:\\\/\\\/www.plugandtrack.com\\\/fr\\\/#\\\/schema\\\/logo\\\/image\\\/\",\"url\":\"https:\\\/\\\/www.plugandtrack.com\\\/wp-content\\\/uploads\\\/2020\\\/03\\\/cropped-favicon-pat.png\",\"contentUrl\":\"https:\\\/\\\/www.plugandtrack.com\\\/wp-content\\\/uploads\\\/2020\\\/03\\\/cropped-favicon-pat.png\",\"width\":512,\"height\":512,\"caption\":\"PLUG AND TRACK\"},\"image\":{\"@id\":\"https:\\\/\\\/www.plugandtrack.com\\\/fr\\\/#\\\/schema\\\/logo\\\/image\\\/\"},\"sameAs\":[\"https:\\\/\\\/x.com\\\/plugandtrack\",\"https:\\\/\\\/www.linkedin.com\\\/company\\\/plug-and-track\"],\"description\":\"Plug and Track est une entreprise fran\u00e7aise, sp\u00e9cialis\u00e9e dans la surveillance en temps r\u00e9el des temp\u00e9ratures, de l\u2019humidit\u00e9 et d\u2019autres param\u00e8tres physiques essentiels pour divers secteurs tels que la pharmacie, l'agroalimentaire, et la recherche. Les produits de Plug and Track incluent des enregistreurs de temp\u00e9rature comme les Thermo et Hygro Boutons, des sondes de temp\u00e9rature connect\u00e9es en utilisant l\u2019ethernet, les liaisons sans fil, NB-IoT, GSM ausi que des solutions sp\u00e9cialis\u00e9es pour les camions frigorifiques et les serveurs informatiques. Ces dispositifs permettent non seulement un suivi d\u00e9taill\u00e9 mais aussi l'envoi d'alertes automatiques en cas de d\u00e9passements de seuils critiques, assurant ainsi la conformit\u00e9 r\u00e9glementaire et la s\u00e9curit\u00e9 des produits sensibles. Avec une gamme allant des sondes simples aux syst\u00e8mes int\u00e9gr\u00e9s plus complexes, Plug and Track r\u00e9pond aux besoins sp\u00e9cifiques de surveillance, de conformit\u00e9 r\u00e9glementaire, et d\u2019efficacit\u00e9 op\u00e9rationnelle pour ses clients. Leur engagement envers la qualit\u00e9 et l'innovation technologique fait de Plug and Track un leader dans le domaine de la surveillance de conditions critiques.\",\"email\":\"proges@proges.cpm\",\"telephone\":\"+33320646363\",\"legalName\":\"PROGES PLUS\",\"foundingDate\":\"1985-10-01\",\"vatID\":\"FR53333601573\",\"taxID\":\"FR5333360157300046\",\"numberOfEmployees\":{\"@type\":\"QuantitativeValue\",\"minValue\":\"11\",\"maxValue\":\"50\"}},{\"@type\":\"Person\",\"@id\":\"https:\\\/\\\/www.plugandtrack.com\\\/fr\\\/#\\\/schema\\\/person\\\/1b2f4834b89f82520c43252a411949ac\",\"name\":\"tqueva\",\"image\":{\"@type\":\"ImageObject\",\"inLanguage\":\"fr-FR\",\"@id\":\"https:\\\/\\\/secure.gravatar.com\\\/avatar\\\/026264ffbd40926ea429dd415307309029b259060230d55f77e73252badec96a?s=96&d=mm&r=g\",\"url\":\"https:\\\/\\\/secure.gravatar.com\\\/avatar\\\/026264ffbd40926ea429dd415307309029b259060230d55f77e73252badec96a?s=96&d=mm&r=g\",\"contentUrl\":\"https:\\\/\\\/secure.gravatar.com\\\/avatar\\\/026264ffbd40926ea429dd415307309029b259060230d55f77e73252badec96a?s=96&d=mm&r=g\",\"caption\":\"tqueva\"},\"url\":\"https:\\\/\\\/www.plugandtrack.com\\\/fr\\\/author\\\/tqueva\\\/\"}]}<\/script>\n<!-- \/ Yoast SEO Premium plugin. -->","yoast_head_json":{"title":"Plug and Track, expert en tra\u00e7abilit\u00e9 de temp\u00e9rature, innove !","description":"D\u00e9couvrez la vid\u00e9o de Benoist Mac\u00e9, Directeur d'activit\u00e9 Plug and Track, tourn\u00e9e avec le r\u00e9seau J'Innove en Nord-Pas-de-Calais !","robots":{"index":"noindex","follow":"nofollow"},"og_locale":"fr_FR","og_type":"article","og_title":"Plug and Track, l'activit\u00e9 tra\u00e7abilit\u00e9 de temp\u00e9rature de Proges Plus, innove en permanence - Plug and Track","og_description":"D\u00e9couvrez la vid\u00e9o de Benoist Mac\u00e9, Directeur d'activit\u00e9 Plug and Track, tourn\u00e9e avec le r\u00e9seau J'Innove en Nord-Pas-de-Calais !","og_url":"https:\/\/www.plugandtrack.com\/fr\/plug-and-track-lactivite-tracabilite-de-temperature-de-proges-plus-innove-en-permanence\/","og_site_name":"Plug and Track","article_published_time":"2012-02-25T15:32:12+00:00","article_modified_time":"2021-04-13T09:44:00+00:00","author":"tqueva","twitter_card":"summary_large_image","twitter_creator":"@plugandtrack","twitter_site":"@plugandtrack","twitter_misc":{"\u00c9crit par":"tqueva"},"schema":{"@context":"https:\/\/schema.org","@graph":[{"@type":"Article","@id":"https:\/\/www.plugandtrack.com\/fr\/plug-and-track-lactivite-tracabilite-de-temperature-de-proges-plus-innove-en-permanence\/#article","isPartOf":{"@id":"https:\/\/www.plugandtrack.com\/fr\/plug-and-track-lactivite-tracabilite-de-temperature-de-proges-plus-innove-en-permanence\/"},"author":{"name":"tqueva","@id":"https:\/\/www.plugandtrack.com\/fr\/#\/schema\/person\/1b2f4834b89f82520c43252a411949ac"},"headline":"Plug and Track, l&#8217;activit\u00e9 tra\u00e7abilit\u00e9 de temp\u00e9rature de Proges Plus, innove en permanence","datePublished":"2012-02-25T15:32:12+00:00","dateModified":"2021-04-13T09:44:00+00:00","mainEntityOfPage":{"@id":"https:\/\/www.plugandtrack.com\/fr\/plug-and-track-lactivite-tracabilite-de-temperature-de-proges-plus-innove-en-permanence\/"},"wordCount":32,"commentCount":0,"publisher":{"@id":"https:\/\/www.plugandtrack.com\/fr\/#organization"},"articleSection":["Actualit\u00e9s"],"inLanguage":"fr-FR","potentialAction":[{"@type":"CommentAction","name":"Comment","target":["https:\/\/www.plugandtrack.com\/fr\/plug-and-track-lactivite-tracabilite-de-temperature-de-proges-plus-innove-en-permanence\/#respond"]}]},{"@type":"WebPage","@id":"https:\/\/www.plugandtrack.com\/fr\/plug-and-track-lactivite-tracabilite-de-temperature-de-proges-plus-innove-en-permanence\/","url":"https:\/\/www.plugandtrack.com\/fr\/plug-and-track-lactivite-tracabilite-de-temperature-de-proges-plus-innove-en-permanence\/","name":"Plug and Track, expert en tra\u00e7abilit\u00e9 de temp\u00e9rature, innove !","isPartOf":{"@id":"https:\/\/www.plugandtrack.com\/fr\/#website"},"datePublished":"2012-02-25T15:32:12+00:00","dateModified":"2021-04-13T09:44:00+00:00","description":"D\u00e9couvrez la vid\u00e9o de Benoist Mac\u00e9, Directeur d'activit\u00e9 Plug and Track, tourn\u00e9e avec le r\u00e9seau J'Innove en Nord-Pas-de-Calais !","inLanguage":"fr-FR","potentialAction":[{"@type":"ReadAction","target":["https:\/\/www.plugandtrack.com\/fr\/plug-and-track-lactivite-tracabilite-de-temperature-de-proges-plus-innove-en-permanence\/"]}]},{"@type":"WebSite","@id":"https:\/\/www.plugandtrack.com\/fr\/#website","url":"https:\/\/www.plugandtrack.com\/fr\/","name":"Plug and Track","description":"Sondes &amp; Enregistreurs de Temp\u00e9rature, Humidit\u00e9. Logiciels de contr\u00f4le et de surveillance avec envoi d&#039;alarmes","publisher":{"@id":"https:\/\/www.plugandtrack.com\/fr\/#organization"},"potentialAction":[{"@type":"SearchAction","target":{"@type":"EntryPoint","urlTemplate":"https:\/\/www.plugandtrack.com\/fr\/?s={search_term_string}"},"query-input":{"@type":"PropertyValueSpecification","valueRequired":true,"valueName":"search_term_string"}}],"inLanguage":"fr-FR"},{"@type":"Organization","@id":"https:\/\/www.plugandtrack.com\/fr\/#organization","name":"PLUG AND TRACK","alternateName":"PROGES PLUS","url":"https:\/\/www.plugandtrack.com\/fr\/","logo":{"@type":"ImageObject","inLanguage":"fr-FR","@id":"https:\/\/www.plugandtrack.com\/fr\/#\/schema\/logo\/image\/","url":"https:\/\/www.plugandtrack.com\/wp-content\/uploads\/2020\/03\/cropped-favicon-pat.png","contentUrl":"https:\/\/www.plugandtrack.com\/wp-content\/uploads\/2020\/03\/cropped-favicon-pat.png","width":512,"height":512,"caption":"PLUG AND TRACK"},"image":{"@id":"https:\/\/www.plugandtrack.com\/fr\/#\/schema\/logo\/image\/"},"sameAs":["https:\/\/x.com\/plugandtrack","https:\/\/www.linkedin.com\/company\/plug-and-track"],"description":"Plug and Track est une entreprise fran\u00e7aise, sp\u00e9cialis\u00e9e dans la surveillance en temps r\u00e9el des temp\u00e9ratures, de l\u2019humidit\u00e9 et d\u2019autres param\u00e8tres physiques essentiels pour divers secteurs tels que la pharmacie, l'agroalimentaire, et la recherche. Les produits de Plug and Track incluent des enregistreurs de temp\u00e9rature comme les Thermo et Hygro Boutons, des sondes de temp\u00e9rature connect\u00e9es en utilisant l\u2019ethernet, les liaisons sans fil, NB-IoT, GSM ausi que des solutions sp\u00e9cialis\u00e9es pour les camions frigorifiques et les serveurs informatiques. Ces dispositifs permettent non seulement un suivi d\u00e9taill\u00e9 mais aussi l'envoi d'alertes automatiques en cas de d\u00e9passements de seuils critiques, assurant ainsi la conformit\u00e9 r\u00e9glementaire et la s\u00e9curit\u00e9 des produits sensibles. Avec une gamme allant des sondes simples aux syst\u00e8mes int\u00e9gr\u00e9s plus complexes, Plug and Track r\u00e9pond aux besoins sp\u00e9cifiques de surveillance, de conformit\u00e9 r\u00e9glementaire, et d\u2019efficacit\u00e9 op\u00e9rationnelle pour ses clients. Leur engagement envers la qualit\u00e9 et l'innovation technologique fait de Plug and Track un leader dans le domaine de la surveillance de conditions critiques.","email":"proges@proges.cpm","telephone":"+33320646363","legalName":"PROGES PLUS","foundingDate":"1985-10-01","vatID":"FR53333601573","taxID":"FR5333360157300046","numberOfEmployees":{"@type":"QuantitativeValue","minValue":"11","maxValue":"50"}},{"@type":"Person","@id":"https:\/\/www.plugandtrack.com\/fr\/#\/schema\/person\/1b2f4834b89f82520c43252a411949ac","name":"tqueva","image":{"@type":"ImageObject","inLanguage":"fr-FR","@id":"https:\/\/secure.gravatar.com\/avatar\/026264ffbd40926ea429dd415307309029b259060230d55f77e73252badec96a?s=96&d=mm&r=g","url":"https:\/\/secure.gravatar.com\/avatar\/026264ffbd40926ea429dd415307309029b259060230d55f77e73252badec96a?s=96&d=mm&r=g","contentUrl":"https:\/\/secure.gravatar.com\/avatar\/026264ffbd40926ea429dd415307309029b259060230d55f77e73252badec96a?s=96&d=mm&r=g","caption":"tqueva"},"url":"https:\/\/www.plugandtrack.com\/fr\/author\/tqueva\/"}]}},"_links":{"self":[{"href":"https:\/\/www.plugandtrack.com\/fr\/wp-json\/wp\/v2\/posts\/2437","targetHints":{"allow":["GET"]}}],"collection":[{"href":"https:\/\/www.plugandtrack.com\/fr\/wp-json\/wp\/v2\/posts"}],"about":[{"href":"https:\/\/www.plugandtrack.com\/fr\/wp-json\/wp\/v2\/types\/post"}],"author":[{"embeddable":true,"href":"https:\/\/www.plugandtrack.com\/fr\/wp-json\/wp\/v2\/users\/7"}],"replies":[{"embeddable":true,"href":"https:\/\/www.plugandtrack.com\/fr\/wp-json\/wp\/v2\/comments?post=2437"}],"version-history":[{"count":0,"href":"https:\/\/www.plugandtrack.com\/fr\/wp-json\/wp\/v2\/posts\/2437\/revisions"}],"wp:attachment":[{"href":"https:\/\/www.plugandtrack.com\/fr\/wp-json\/wp\/v2\/media?parent=2437"}],"wp:term":[{"taxonomy":"category","embeddable":true,"href":"https:\/\/www.plugandtrack.com\/fr\/wp-json\/wp\/v2\/categories?post=2437"},{"taxonomy":"post_tag","embeddable":true,"href":"https:\/\/www.plugandtrack.com\/fr\/wp-json\/wp\/v2\/tags?post=2437"}],"curies":[{"name":"wp","href":"https:\/\/api.w.org\/{rel}","templated":true}]}}