{"id":2377,"date":"2016-02-13T14:38:45","date_gmt":"2016-02-13T13:38:45","guid":{"rendered":"https:\/\/www.plugandtrack.com\/?p=2377"},"modified":"2021-04-13T12:01:40","modified_gmt":"2021-04-13T10:01:40","slug":"proges-plus-exporte-ses-capteurs-de-temperature-en-amerique-du-sud","status":"publish","type":"post","link":"https:\/\/www.plugandtrack.com\/fr\/proges-plus-exporte-ses-capteurs-de-temperature-en-amerique-du-sud\/","title":{"rendered":"Proges Plus exporte ses capteurs de temp\u00e9rature en Am\u00e9rique du Sud"},"content":{"rendered":"<h3>Success Story Am\u00e9rique Latine<\/h3>\n<p>Au premier semestre 2016, Business France a d\u00e9cid\u00e9 de produire un recueil des 50 meilleures <em>succes story<\/em> d\u2019entreprises Fran\u00e7aises implant\u00e9es en Am\u00e9rique Latine, dans le but de promouvoir la r\u00e9gion aupr\u00e8s de nos entrepreneurs.<\/p>\n<p>Parmi ces 50 <em>success story<\/em>, Proges plus a \u00e9t\u00e9 choisie, gr\u00e2ce \u00e0 son activit\u00e9 Plug and Track, pour la r\u00e9ussite de ses missions en Am\u00e9rique du Sud.<\/p>\n<p><strong><span style=\"color: #62c5bc;\"><a style=\"color: #62c5bc;\" href=\"http:\/\/www.proges.com\/ftp\/plugandtrack\/Press\/Success-Story%20-%20Proges-Plus.pdf\" target=\"_blank\" rel=\"noopener noreferrer\">Lisez l\u2019article complet<\/a><\/span><\/strong>, qui comprend une interview de Benoist Mac\u00e9, directeur de Plug and Track.<\/p>\n","protected":false},"excerpt":{"rendered":"<p>Success Story Am\u00e9rique Latine Au premier semestre 2016, Business France a d\u00e9cid\u00e9 de produire un&#8230;<\/p>\n","protected":false},"author":7,"featured_media":2381,"comment_status":"open","ping_status":"open","sticky":false,"template":"","format":"standard","meta":{"_acf_changed":false,"footnotes":""},"categories":[18],"tags":[],"class_list":["post-2377","post","type-post","status-publish","format-standard","has-post-thumbnail","hentry","category-actualite"],"acf":[],"yoast_head":"<!-- This site is optimized with the Yoast SEO Premium plugin v26.6 (Yoast SEO v27.3) - https:\/\/yoast.com\/product\/yoast-seo-premium-wordpress\/ -->\n<title>Nous exportons nos capteurs de temp\u00e9rature en Am\u00e9rique du Sud<\/title>\n<meta name=\"description\" content=\"Nos enregisteurs de temp\u00e9rature sont d\u00e9sormais disponibles en Am\u00e9rique du Sud : contactez-nous directement pour plus d&#039;informations.\" \/>\n<meta name=\"robots\" content=\"noindex, nofollow\" \/>\n<meta property=\"og:locale\" content=\"fr_FR\" \/>\n<meta property=\"og:type\" content=\"article\" \/>\n<meta property=\"og:title\" content=\"Proges Plus exporte ses capteurs de temp\u00e9rature en Am\u00e9rique du Sud - Plug and Track\" \/>\n<meta property=\"og:description\" content=\"Nos enregisteurs de temp\u00e9rature sont d\u00e9sormais disponibles en Am\u00e9rique du Sud : contactez-nous directement pour plus d&#039;informations.\" \/>\n<meta property=\"og:url\" content=\"https:\/\/www.plugandtrack.com\/fr\/proges-plus-exporte-ses-capteurs-de-temperature-en-amerique-du-sud\/\" \/>\n<meta property=\"og:site_name\" content=\"Plug and Track\" \/>\n<meta property=\"article:published_time\" content=\"2016-02-13T13:38:45+00:00\" \/>\n<meta property=\"article:modified_time\" content=\"2021-04-13T10:01:40+00:00\" \/>\n<meta property=\"og:image\" content=\"https:\/\/www.plugandtrack.com\/wp-content\/uploads\/2020\/05\/Success-story-am\u00e9rique-latine-e1589373773375.jpg\" \/>\n\t<meta property=\"og:image:width\" content=\"586\" \/>\n\t<meta property=\"og:image:height\" content=\"452\" \/>\n\t<meta property=\"og:image:type\" content=\"image\/jpeg\" \/>\n<meta name=\"author\" content=\"tqueva\" \/>\n<meta name=\"twitter:card\" content=\"summary_large_image\" \/>\n<meta name=\"twitter:creator\" content=\"@plugandtrack\" \/>\n<meta name=\"twitter:site\" content=\"@plugandtrack\" \/>\n<meta name=\"twitter:label1\" content=\"\u00c9crit par\" \/>\n\t<meta name=\"twitter:data1\" content=\"tqueva\" \/>\n<script type=\"application\/ld+json\" class=\"yoast-schema-graph\">{\"@context\":\"https:\\\/\\\/schema.org\",\"@graph\":[{\"@type\":\"Article\",\"@id\":\"https:\\\/\\\/www.plugandtrack.com\\\/fr\\\/proges-plus-exporte-ses-capteurs-de-temperature-en-amerique-du-sud\\\/#article\",\"isPartOf\":{\"@id\":\"https:\\\/\\\/www.plugandtrack.com\\\/fr\\\/proges-plus-exporte-ses-capteurs-de-temperature-en-amerique-du-sud\\\/\"},\"author\":{\"name\":\"tqueva\",\"@id\":\"https:\\\/\\\/www.plugandtrack.com\\\/fr\\\/#\\\/schema\\\/person\\\/1b2f4834b89f82520c43252a411949ac\"},\"headline\":\"Proges Plus exporte ses capteurs de temp\u00e9rature en Am\u00e9rique du Sud\",\"datePublished\":\"2016-02-13T13:38:45+00:00\",\"dateModified\":\"2021-04-13T10:01:40+00:00\",\"mainEntityOfPage\":{\"@id\":\"https:\\\/\\\/www.plugandtrack.com\\\/fr\\\/proges-plus-exporte-ses-capteurs-de-temperature-en-amerique-du-sud\\\/\"},\"wordCount\":101,\"commentCount\":0,\"publisher\":{\"@id\":\"https:\\\/\\\/www.plugandtrack.com\\\/fr\\\/#organization\"},\"image\":{\"@id\":\"https:\\\/\\\/www.plugandtrack.com\\\/fr\\\/proges-plus-exporte-ses-capteurs-de-temperature-en-amerique-du-sud\\\/#primaryimage\"},\"thumbnailUrl\":\"https:\\\/\\\/www.plugandtrack.com\\\/wp-content\\\/uploads\\\/2020\\\/05\\\/Success-story-am\u00e9rique-latine-e1589373773375.jpg\",\"articleSection\":[\"Actualit\u00e9s\"],\"inLanguage\":\"fr-FR\",\"potentialAction\":[{\"@type\":\"CommentAction\",\"name\":\"Comment\",\"target\":[\"https:\\\/\\\/www.plugandtrack.com\\\/fr\\\/proges-plus-exporte-ses-capteurs-de-temperature-en-amerique-du-sud\\\/#respond\"]}]},{\"@type\":\"WebPage\",\"@id\":\"https:\\\/\\\/www.plugandtrack.com\\\/fr\\\/proges-plus-exporte-ses-capteurs-de-temperature-en-amerique-du-sud\\\/\",\"url\":\"https:\\\/\\\/www.plugandtrack.com\\\/fr\\\/proges-plus-exporte-ses-capteurs-de-temperature-en-amerique-du-sud\\\/\",\"name\":\"Nous exportons nos capteurs de temp\u00e9rature en Am\u00e9rique du Sud\",\"isPartOf\":{\"@id\":\"https:\\\/\\\/www.plugandtrack.com\\\/fr\\\/#website\"},\"primaryImageOfPage\":{\"@id\":\"https:\\\/\\\/www.plugandtrack.com\\\/fr\\\/proges-plus-exporte-ses-capteurs-de-temperature-en-amerique-du-sud\\\/#primaryimage\"},\"image\":{\"@id\":\"https:\\\/\\\/www.plugandtrack.com\\\/fr\\\/proges-plus-exporte-ses-capteurs-de-temperature-en-amerique-du-sud\\\/#primaryimage\"},\"thumbnailUrl\":\"https:\\\/\\\/www.plugandtrack.com\\\/wp-content\\\/uploads\\\/2020\\\/05\\\/Success-story-am\u00e9rique-latine-e1589373773375.jpg\",\"datePublished\":\"2016-02-13T13:38:45+00:00\",\"dateModified\":\"2021-04-13T10:01:40+00:00\",\"description\":\"Nos enregisteurs de temp\u00e9rature sont d\u00e9sormais disponibles en Am\u00e9rique du Sud : contactez-nous directement pour plus d'informations.\",\"inLanguage\":\"fr-FR\",\"potentialAction\":[{\"@type\":\"ReadAction\",\"target\":[\"https:\\\/\\\/www.plugandtrack.com\\\/fr\\\/proges-plus-exporte-ses-capteurs-de-temperature-en-amerique-du-sud\\\/\"]}]},{\"@type\":\"ImageObject\",\"inLanguage\":\"fr-FR\",\"@id\":\"https:\\\/\\\/www.plugandtrack.com\\\/fr\\\/proges-plus-exporte-ses-capteurs-de-temperature-en-amerique-du-sud\\\/#primaryimage\",\"url\":\"https:\\\/\\\/www.plugandtrack.com\\\/wp-content\\\/uploads\\\/2020\\\/05\\\/Success-story-am\u00e9rique-latine-e1589373773375.jpg\",\"contentUrl\":\"https:\\\/\\\/www.plugandtrack.com\\\/wp-content\\\/uploads\\\/2020\\\/05\\\/Success-story-am\u00e9rique-latine-e1589373773375.jpg\",\"width\":586,\"height\":452,\"caption\":\"Plug and Track distributeur Am\u00e9rique latine\"},{\"@type\":\"WebSite\",\"@id\":\"https:\\\/\\\/www.plugandtrack.com\\\/fr\\\/#website\",\"url\":\"https:\\\/\\\/www.plugandtrack.com\\\/fr\\\/\",\"name\":\"Plug and Track\",\"description\":\"Sondes &amp; Enregistreurs de Temp\u00e9rature, Humidit\u00e9. Logiciels de contr\u00f4le et de surveillance avec envoi d&#039;alarmes\",\"publisher\":{\"@id\":\"https:\\\/\\\/www.plugandtrack.com\\\/fr\\\/#organization\"},\"potentialAction\":[{\"@type\":\"SearchAction\",\"target\":{\"@type\":\"EntryPoint\",\"urlTemplate\":\"https:\\\/\\\/www.plugandtrack.com\\\/fr\\\/?s={search_term_string}\"},\"query-input\":{\"@type\":\"PropertyValueSpecification\",\"valueRequired\":true,\"valueName\":\"search_term_string\"}}],\"inLanguage\":\"fr-FR\"},{\"@type\":\"Organization\",\"@id\":\"https:\\\/\\\/www.plugandtrack.com\\\/fr\\\/#organization\",\"name\":\"PLUG AND TRACK\",\"alternateName\":\"PROGES PLUS\",\"url\":\"https:\\\/\\\/www.plugandtrack.com\\\/fr\\\/\",\"logo\":{\"@type\":\"ImageObject\",\"inLanguage\":\"fr-FR\",\"@id\":\"https:\\\/\\\/www.plugandtrack.com\\\/fr\\\/#\\\/schema\\\/logo\\\/image\\\/\",\"url\":\"https:\\\/\\\/www.plugandtrack.com\\\/wp-content\\\/uploads\\\/2020\\\/03\\\/cropped-favicon-pat.png\",\"contentUrl\":\"https:\\\/\\\/www.plugandtrack.com\\\/wp-content\\\/uploads\\\/2020\\\/03\\\/cropped-favicon-pat.png\",\"width\":512,\"height\":512,\"caption\":\"PLUG AND TRACK\"},\"image\":{\"@id\":\"https:\\\/\\\/www.plugandtrack.com\\\/fr\\\/#\\\/schema\\\/logo\\\/image\\\/\"},\"sameAs\":[\"https:\\\/\\\/x.com\\\/plugandtrack\",\"https:\\\/\\\/www.linkedin.com\\\/company\\\/plug-and-track\"],\"description\":\"Plug and Track est une entreprise fran\u00e7aise, sp\u00e9cialis\u00e9e dans la surveillance en temps r\u00e9el des temp\u00e9ratures, de l\u2019humidit\u00e9 et d\u2019autres param\u00e8tres physiques essentiels pour divers secteurs tels que la pharmacie, l'agroalimentaire, et la recherche. Les produits de Plug and Track incluent des enregistreurs de temp\u00e9rature comme les Thermo et Hygro Boutons, des sondes de temp\u00e9rature connect\u00e9es en utilisant l\u2019ethernet, les liaisons sans fil, NB-IoT, GSM ausi que des solutions sp\u00e9cialis\u00e9es pour les camions frigorifiques et les serveurs informatiques. Ces dispositifs permettent non seulement un suivi d\u00e9taill\u00e9 mais aussi l'envoi d'alertes automatiques en cas de d\u00e9passements de seuils critiques, assurant ainsi la conformit\u00e9 r\u00e9glementaire et la s\u00e9curit\u00e9 des produits sensibles. Avec une gamme allant des sondes simples aux syst\u00e8mes int\u00e9gr\u00e9s plus complexes, Plug and Track r\u00e9pond aux besoins sp\u00e9cifiques de surveillance, de conformit\u00e9 r\u00e9glementaire, et d\u2019efficacit\u00e9 op\u00e9rationnelle pour ses clients. Leur engagement envers la qualit\u00e9 et l'innovation technologique fait de Plug and Track un leader dans le domaine de la surveillance de conditions critiques.\",\"email\":\"proges@proges.cpm\",\"telephone\":\"+33320646363\",\"legalName\":\"PROGES PLUS\",\"foundingDate\":\"1985-10-01\",\"vatID\":\"FR53333601573\",\"taxID\":\"FR5333360157300046\",\"numberOfEmployees\":{\"@type\":\"QuantitativeValue\",\"minValue\":\"11\",\"maxValue\":\"50\"}},{\"@type\":\"Person\",\"@id\":\"https:\\\/\\\/www.plugandtrack.com\\\/fr\\\/#\\\/schema\\\/person\\\/1b2f4834b89f82520c43252a411949ac\",\"name\":\"tqueva\",\"image\":{\"@type\":\"ImageObject\",\"inLanguage\":\"fr-FR\",\"@id\":\"https:\\\/\\\/secure.gravatar.com\\\/avatar\\\/026264ffbd40926ea429dd415307309029b259060230d55f77e73252badec96a?s=96&d=mm&r=g\",\"url\":\"https:\\\/\\\/secure.gravatar.com\\\/avatar\\\/026264ffbd40926ea429dd415307309029b259060230d55f77e73252badec96a?s=96&d=mm&r=g\",\"contentUrl\":\"https:\\\/\\\/secure.gravatar.com\\\/avatar\\\/026264ffbd40926ea429dd415307309029b259060230d55f77e73252badec96a?s=96&d=mm&r=g\",\"caption\":\"tqueva\"},\"url\":\"https:\\\/\\\/www.plugandtrack.com\\\/fr\\\/author\\\/tqueva\\\/\"}]}<\/script>\n<!-- \/ Yoast SEO Premium plugin. -->","yoast_head_json":{"title":"Nous exportons nos capteurs de temp\u00e9rature en Am\u00e9rique du Sud","description":"Nos enregisteurs de temp\u00e9rature sont d\u00e9sormais disponibles en Am\u00e9rique du Sud : contactez-nous directement pour plus d'informations.","robots":{"index":"noindex","follow":"nofollow"},"og_locale":"fr_FR","og_type":"article","og_title":"Proges Plus exporte ses capteurs de temp\u00e9rature en Am\u00e9rique du Sud - Plug and Track","og_description":"Nos enregisteurs de temp\u00e9rature sont d\u00e9sormais disponibles en Am\u00e9rique du Sud : contactez-nous directement pour plus d'informations.","og_url":"https:\/\/www.plugandtrack.com\/fr\/proges-plus-exporte-ses-capteurs-de-temperature-en-amerique-du-sud\/","og_site_name":"Plug and Track","article_published_time":"2016-02-13T13:38:45+00:00","article_modified_time":"2021-04-13T10:01:40+00:00","og_image":[{"width":586,"height":452,"url":"https:\/\/www.plugandtrack.com\/wp-content\/uploads\/2020\/05\/Success-story-am\u00e9rique-latine-e1589373773375.jpg","type":"image\/jpeg"}],"author":"tqueva","twitter_card":"summary_large_image","twitter_creator":"@plugandtrack","twitter_site":"@plugandtrack","twitter_misc":{"\u00c9crit par":"tqueva"},"schema":{"@context":"https:\/\/schema.org","@graph":[{"@type":"Article","@id":"https:\/\/www.plugandtrack.com\/fr\/proges-plus-exporte-ses-capteurs-de-temperature-en-amerique-du-sud\/#article","isPartOf":{"@id":"https:\/\/www.plugandtrack.com\/fr\/proges-plus-exporte-ses-capteurs-de-temperature-en-amerique-du-sud\/"},"author":{"name":"tqueva","@id":"https:\/\/www.plugandtrack.com\/fr\/#\/schema\/person\/1b2f4834b89f82520c43252a411949ac"},"headline":"Proges Plus exporte ses capteurs de temp\u00e9rature en Am\u00e9rique du Sud","datePublished":"2016-02-13T13:38:45+00:00","dateModified":"2021-04-13T10:01:40+00:00","mainEntityOfPage":{"@id":"https:\/\/www.plugandtrack.com\/fr\/proges-plus-exporte-ses-capteurs-de-temperature-en-amerique-du-sud\/"},"wordCount":101,"commentCount":0,"publisher":{"@id":"https:\/\/www.plugandtrack.com\/fr\/#organization"},"image":{"@id":"https:\/\/www.plugandtrack.com\/fr\/proges-plus-exporte-ses-capteurs-de-temperature-en-amerique-du-sud\/#primaryimage"},"thumbnailUrl":"https:\/\/www.plugandtrack.com\/wp-content\/uploads\/2020\/05\/Success-story-am\u00e9rique-latine-e1589373773375.jpg","articleSection":["Actualit\u00e9s"],"inLanguage":"fr-FR","potentialAction":[{"@type":"CommentAction","name":"Comment","target":["https:\/\/www.plugandtrack.com\/fr\/proges-plus-exporte-ses-capteurs-de-temperature-en-amerique-du-sud\/#respond"]}]},{"@type":"WebPage","@id":"https:\/\/www.plugandtrack.com\/fr\/proges-plus-exporte-ses-capteurs-de-temperature-en-amerique-du-sud\/","url":"https:\/\/www.plugandtrack.com\/fr\/proges-plus-exporte-ses-capteurs-de-temperature-en-amerique-du-sud\/","name":"Nous exportons nos capteurs de temp\u00e9rature en Am\u00e9rique du Sud","isPartOf":{"@id":"https:\/\/www.plugandtrack.com\/fr\/#website"},"primaryImageOfPage":{"@id":"https:\/\/www.plugandtrack.com\/fr\/proges-plus-exporte-ses-capteurs-de-temperature-en-amerique-du-sud\/#primaryimage"},"image":{"@id":"https:\/\/www.plugandtrack.com\/fr\/proges-plus-exporte-ses-capteurs-de-temperature-en-amerique-du-sud\/#primaryimage"},"thumbnailUrl":"https:\/\/www.plugandtrack.com\/wp-content\/uploads\/2020\/05\/Success-story-am\u00e9rique-latine-e1589373773375.jpg","datePublished":"2016-02-13T13:38:45+00:00","dateModified":"2021-04-13T10:01:40+00:00","description":"Nos enregisteurs de temp\u00e9rature sont d\u00e9sormais disponibles en Am\u00e9rique du Sud : contactez-nous directement pour plus d'informations.","inLanguage":"fr-FR","potentialAction":[{"@type":"ReadAction","target":["https:\/\/www.plugandtrack.com\/fr\/proges-plus-exporte-ses-capteurs-de-temperature-en-amerique-du-sud\/"]}]},{"@type":"ImageObject","inLanguage":"fr-FR","@id":"https:\/\/www.plugandtrack.com\/fr\/proges-plus-exporte-ses-capteurs-de-temperature-en-amerique-du-sud\/#primaryimage","url":"https:\/\/www.plugandtrack.com\/wp-content\/uploads\/2020\/05\/Success-story-am\u00e9rique-latine-e1589373773375.jpg","contentUrl":"https:\/\/www.plugandtrack.com\/wp-content\/uploads\/2020\/05\/Success-story-am\u00e9rique-latine-e1589373773375.jpg","width":586,"height":452,"caption":"Plug and Track distributeur Am\u00e9rique latine"},{"@type":"WebSite","@id":"https:\/\/www.plugandtrack.com\/fr\/#website","url":"https:\/\/www.plugandtrack.com\/fr\/","name":"Plug and Track","description":"Sondes &amp; Enregistreurs de Temp\u00e9rature, Humidit\u00e9. Logiciels de contr\u00f4le et de surveillance avec envoi d&#039;alarmes","publisher":{"@id":"https:\/\/www.plugandtrack.com\/fr\/#organization"},"potentialAction":[{"@type":"SearchAction","target":{"@type":"EntryPoint","urlTemplate":"https:\/\/www.plugandtrack.com\/fr\/?s={search_term_string}"},"query-input":{"@type":"PropertyValueSpecification","valueRequired":true,"valueName":"search_term_string"}}],"inLanguage":"fr-FR"},{"@type":"Organization","@id":"https:\/\/www.plugandtrack.com\/fr\/#organization","name":"PLUG AND TRACK","alternateName":"PROGES PLUS","url":"https:\/\/www.plugandtrack.com\/fr\/","logo":{"@type":"ImageObject","inLanguage":"fr-FR","@id":"https:\/\/www.plugandtrack.com\/fr\/#\/schema\/logo\/image\/","url":"https:\/\/www.plugandtrack.com\/wp-content\/uploads\/2020\/03\/cropped-favicon-pat.png","contentUrl":"https:\/\/www.plugandtrack.com\/wp-content\/uploads\/2020\/03\/cropped-favicon-pat.png","width":512,"height":512,"caption":"PLUG AND TRACK"},"image":{"@id":"https:\/\/www.plugandtrack.com\/fr\/#\/schema\/logo\/image\/"},"sameAs":["https:\/\/x.com\/plugandtrack","https:\/\/www.linkedin.com\/company\/plug-and-track"],"description":"Plug and Track est une entreprise fran\u00e7aise, sp\u00e9cialis\u00e9e dans la surveillance en temps r\u00e9el des temp\u00e9ratures, de l\u2019humidit\u00e9 et d\u2019autres param\u00e8tres physiques essentiels pour divers secteurs tels que la pharmacie, l'agroalimentaire, et la recherche. Les produits de Plug and Track incluent des enregistreurs de temp\u00e9rature comme les Thermo et Hygro Boutons, des sondes de temp\u00e9rature connect\u00e9es en utilisant l\u2019ethernet, les liaisons sans fil, NB-IoT, GSM ausi que des solutions sp\u00e9cialis\u00e9es pour les camions frigorifiques et les serveurs informatiques. Ces dispositifs permettent non seulement un suivi d\u00e9taill\u00e9 mais aussi l'envoi d'alertes automatiques en cas de d\u00e9passements de seuils critiques, assurant ainsi la conformit\u00e9 r\u00e9glementaire et la s\u00e9curit\u00e9 des produits sensibles. Avec une gamme allant des sondes simples aux syst\u00e8mes int\u00e9gr\u00e9s plus complexes, Plug and Track r\u00e9pond aux besoins sp\u00e9cifiques de surveillance, de conformit\u00e9 r\u00e9glementaire, et d\u2019efficacit\u00e9 op\u00e9rationnelle pour ses clients. Leur engagement envers la qualit\u00e9 et l'innovation technologique fait de Plug and Track un leader dans le domaine de la surveillance de conditions critiques.","email":"proges@proges.cpm","telephone":"+33320646363","legalName":"PROGES PLUS","foundingDate":"1985-10-01","vatID":"FR53333601573","taxID":"FR5333360157300046","numberOfEmployees":{"@type":"QuantitativeValue","minValue":"11","maxValue":"50"}},{"@type":"Person","@id":"https:\/\/www.plugandtrack.com\/fr\/#\/schema\/person\/1b2f4834b89f82520c43252a411949ac","name":"tqueva","image":{"@type":"ImageObject","inLanguage":"fr-FR","@id":"https:\/\/secure.gravatar.com\/avatar\/026264ffbd40926ea429dd415307309029b259060230d55f77e73252badec96a?s=96&d=mm&r=g","url":"https:\/\/secure.gravatar.com\/avatar\/026264ffbd40926ea429dd415307309029b259060230d55f77e73252badec96a?s=96&d=mm&r=g","contentUrl":"https:\/\/secure.gravatar.com\/avatar\/026264ffbd40926ea429dd415307309029b259060230d55f77e73252badec96a?s=96&d=mm&r=g","caption":"tqueva"},"url":"https:\/\/www.plugandtrack.com\/fr\/author\/tqueva\/"}]}},"_links":{"self":[{"href":"https:\/\/www.plugandtrack.com\/fr\/wp-json\/wp\/v2\/posts\/2377","targetHints":{"allow":["GET"]}}],"collection":[{"href":"https:\/\/www.plugandtrack.com\/fr\/wp-json\/wp\/v2\/posts"}],"about":[{"href":"https:\/\/www.plugandtrack.com\/fr\/wp-json\/wp\/v2\/types\/post"}],"author":[{"embeddable":true,"href":"https:\/\/www.plugandtrack.com\/fr\/wp-json\/wp\/v2\/users\/7"}],"replies":[{"embeddable":true,"href":"https:\/\/www.plugandtrack.com\/fr\/wp-json\/wp\/v2\/comments?post=2377"}],"version-history":[{"count":0,"href":"https:\/\/www.plugandtrack.com\/fr\/wp-json\/wp\/v2\/posts\/2377\/revisions"}],"wp:featuredmedia":[{"embeddable":true,"href":"https:\/\/www.plugandtrack.com\/fr\/wp-json\/wp\/v2\/media\/2381"}],"wp:attachment":[{"href":"https:\/\/www.plugandtrack.com\/fr\/wp-json\/wp\/v2\/media?parent=2377"}],"wp:term":[{"taxonomy":"category","embeddable":true,"href":"https:\/\/www.plugandtrack.com\/fr\/wp-json\/wp\/v2\/categories?post=2377"},{"taxonomy":"post_tag","embeddable":true,"href":"https:\/\/www.plugandtrack.com\/fr\/wp-json\/wp\/v2\/tags?post=2377"}],"curies":[{"name":"wp","href":"https:\/\/api.w.org\/{rel}","templated":true}]}}