{"id":9807,"date":"2022-11-02T12:13:38","date_gmt":"2022-11-02T11:13:38","guid":{"rendered":"https:\/\/www.plugandtrack.com\/?p=9807"},"modified":"2022-11-02T12:14:16","modified_gmt":"2022-11-02T11:14:16","slug":"senegal-plug-and-track-meets-local-b2b-economic-actors","status":"publish","type":"post","link":"https:\/\/www.plugandtrack.com\/en\/senegal-plug-and-track-meets-local-b2b-economic-actors\/","title":{"rendered":"Senegal : Plug and Track meets local B2B economic actors"},"content":{"rendered":"<p><img fetchpriority=\"high\" decoding=\"async\" class=\"alignnone wp-image-9800 size-large\" src=\"https:\/\/www.plugandtrack.com\/wp-content\/uploads\/2022\/11\/Business-France-Senegal-1200x900.jpg\" alt=\"Plug and Track Senegal\" width=\"1200\" height=\"900\" srcset=\"https:\/\/www.plugandtrack.com\/wp-content\/uploads\/2022\/11\/Business-France-Senegal-1200x900.jpg 1200w, https:\/\/www.plugandtrack.com\/wp-content\/uploads\/2022\/11\/Business-France-Senegal-300x225.jpg 300w, https:\/\/www.plugandtrack.com\/wp-content\/uploads\/2022\/11\/Business-France-Senegal-768x576.jpg 768w, https:\/\/www.plugandtrack.com\/wp-content\/uploads\/2022\/11\/Business-France-Senegal-1536x1152.jpg 1536w, https:\/\/www.plugandtrack.com\/wp-content\/uploads\/2022\/11\/Business-France-Senegal.jpg 2048w\" sizes=\"(max-width: 1200px) 100vw, 1200px\" \/><\/p>\n<p><span style=\"font-size: 10px;\"><em>Photo : Business France Senegal<\/em><\/span><\/p>\n<p>From October 25 to 27, 2022, our Plug and Track team had the opportunity to go to Senegal as part of a mission organized by <a href=\"https:\/\/www.businessfrance.fr\/fiche-pays-senegal\" target=\"_blank\" rel=\"noopener\">Business France Senegal<\/a> on behalf of the <a href=\"https:\/\/hautsdefrance.cci.fr\/cci-grand-lille\/\" target=\"_blank\" rel=\"noopener\">Chamber of Commerce and Industry (CCI) of Lille<\/a>, in Hauts-de-France.<\/p>\n<p><span style=\"color: #62c5bc;\"><strong>On the agenda :\u00a0<\/strong><\/span><\/p>\n<ul>\n<li>A moment of discussion during a morning dedicated to the business environment and the sharing of experiences on Senegal.<\/li>\n<li>The visit of an industrial site.<\/li>\n<li>Various networking workshops.<\/li>\n<li>B2B meetings with many local economic actors.<\/li>\n<\/ul>\n<p>Accompanied by various companies from Hauts-de-France that are innovating and developing internationally, this meeting was an opportunity to discover the many opportunities that are developing in the 2nd largest economy in French-speaking West Africa.<\/p>\n<h3>Plug and Track temperature monitoring solutions in Senegal<\/h3>\n<p>Senegal is constantly innovating and reinforcing its procedures for controlling environmental parameters. <strong>The challenges are various :\u00a0<\/strong><\/p>\n<ul>\n<li>Temperature control during vaccination campaigns.<\/li>\n<li>Cold chain management on new cold storage projects.<\/li>\n<li>Temperature monitoring in logistics during the transport of food or medicines.<\/li>\n<\/ul>\n<p>Our <a href=\"https:\/\/www.plugandtrack.com\/en\/sensors-dataloggers\/\" target=\"_blank\" rel=\"noopener\">data loggers, sensors, alarms and Plug and Track temperature monitoring software<\/a> have their whole place in Senegal&#8217;s innovation strategy and our teams were pleased to present our solutions to local Senegalese economic actors.<\/p>\n<h3>Contact<\/h3>\n<p>You are an entrepreneur in Senegal and you want to know more about our solutions ? Our teams are at your disposal. <span style=\"color: #62c5bc;\"><strong><a style=\"color: #62c5bc;\" href=\"https:\/\/www.plugandtrack.com\/en\/contact\/\" target=\"_blank\" rel=\"noopener\">Contact us.<\/a><\/strong><\/span><\/p>\n","protected":false},"excerpt":{"rendered":"<p>Photo : Business France Senegal From October 25 to 27, 2022, our Plug and Track&#8230;<\/p>\n","protected":false},"author":7,"featured_media":9804,"comment_status":"open","ping_status":"open","sticky":false,"template":"","format":"standard","meta":{"_acf_changed":false,"footnotes":""},"categories":[69],"tags":[],"class_list":["post-9807","post","type-post","status-publish","format-standard","has-post-thumbnail","hentry","category-news"],"acf":[],"yoast_head":"<!-- This site is optimized with the Yoast SEO Premium plugin v26.6 (Yoast SEO v27.3) - https:\/\/yoast.com\/product\/yoast-seo-premium-wordpress\/ -->\n<title>Senegal : Plug and Track meets local B2B economic actors<\/title>\n<meta name=\"description\" content=\"Our Plug and Track team went to Senegal with Business France Senegal to exchange with local B2B economic actors !\" \/>\n<meta name=\"robots\" content=\"index, follow, max-snippet:-1, max-image-preview:large, max-video-preview:-1\" \/>\n<link rel=\"canonical\" href=\"https:\/\/www.plugandtrack.com\/en\/senegal-plug-and-track-meets-local-b2b-economic-actors\/\" \/>\n<meta property=\"og:locale\" content=\"en_US\" \/>\n<meta property=\"og:type\" content=\"article\" \/>\n<meta property=\"og:title\" content=\"Senegal : Plug and Track meets local B2B economic actors - Plug and Track News\" \/>\n<meta property=\"og:description\" content=\"Our Plug and Track team went to Senegal with Business France Senegal to exchange with local B2B economic actors !\" \/>\n<meta property=\"og:url\" content=\"https:\/\/www.plugandtrack.com\/en\/senegal-plug-and-track-meets-local-b2b-economic-actors\/\" \/>\n<meta property=\"og:site_name\" content=\"Plug and Track\" \/>\n<meta property=\"article:published_time\" content=\"2022-11-02T11:13:38+00:00\" \/>\n<meta property=\"article:modified_time\" content=\"2022-11-02T11:14:16+00:00\" \/>\n<meta property=\"og:image\" content=\"https:\/\/www.plugandtrack.com\/wp-content\/uploads\/2022\/11\/Business-France-Senegal-logo-e1667385317392.jpg\" \/>\n\t<meta property=\"og:image:width\" content=\"400\" \/>\n\t<meta property=\"og:image:height\" content=\"400\" \/>\n\t<meta property=\"og:image:type\" content=\"image\/jpeg\" \/>\n<meta name=\"author\" content=\"tqueva\" \/>\n<meta name=\"twitter:card\" content=\"summary_large_image\" \/>\n<meta name=\"twitter:creator\" content=\"@plugandtrack\" \/>\n<meta name=\"twitter:site\" content=\"@plugandtrack\" \/>\n<meta name=\"twitter:label1\" content=\"Written by\" \/>\n\t<meta name=\"twitter:data1\" content=\"tqueva\" \/>\n\t<meta name=\"twitter:label2\" content=\"Est. reading time\" \/>\n\t<meta name=\"twitter:data2\" content=\"2 minutes\" \/>\n<script type=\"application\/ld+json\" class=\"yoast-schema-graph\">{\"@context\":\"https:\\\/\\\/schema.org\",\"@graph\":[{\"@type\":\"Article\",\"@id\":\"https:\\\/\\\/www.plugandtrack.com\\\/en\\\/senegal-plug-and-track-meets-local-b2b-economic-actors\\\/#article\",\"isPartOf\":{\"@id\":\"https:\\\/\\\/www.plugandtrack.com\\\/en\\\/senegal-plug-and-track-meets-local-b2b-economic-actors\\\/\"},\"author\":{\"name\":\"tqueva\",\"@id\":\"https:\\\/\\\/www.plugandtrack.com\\\/en\\\/#\\\/schema\\\/person\\\/1b2f4834b89f82520c43252a411949ac\"},\"headline\":\"Senegal : Plug and Track meets local B2B economic actors\",\"datePublished\":\"2022-11-02T11:13:38+00:00\",\"dateModified\":\"2022-11-02T11:14:16+00:00\",\"mainEntityOfPage\":{\"@id\":\"https:\\\/\\\/www.plugandtrack.com\\\/en\\\/senegal-plug-and-track-meets-local-b2b-economic-actors\\\/\"},\"wordCount\":232,\"commentCount\":0,\"publisher\":{\"@id\":\"https:\\\/\\\/www.plugandtrack.com\\\/en\\\/#organization\"},\"image\":{\"@id\":\"https:\\\/\\\/www.plugandtrack.com\\\/en\\\/senegal-plug-and-track-meets-local-b2b-economic-actors\\\/#primaryimage\"},\"thumbnailUrl\":\"https:\\\/\\\/www.plugandtrack.com\\\/wp-content\\\/uploads\\\/2022\\\/11\\\/Business-France-Senegal-logo-e1667385317392.jpg\",\"articleSection\":[\"News\"],\"inLanguage\":\"en-US\",\"potentialAction\":[{\"@type\":\"CommentAction\",\"name\":\"Comment\",\"target\":[\"https:\\\/\\\/www.plugandtrack.com\\\/en\\\/senegal-plug-and-track-meets-local-b2b-economic-actors\\\/#respond\"]}]},{\"@type\":\"WebPage\",\"@id\":\"https:\\\/\\\/www.plugandtrack.com\\\/en\\\/senegal-plug-and-track-meets-local-b2b-economic-actors\\\/\",\"url\":\"https:\\\/\\\/www.plugandtrack.com\\\/en\\\/senegal-plug-and-track-meets-local-b2b-economic-actors\\\/\",\"name\":\"Senegal : Plug and Track meets local B2B economic actors\",\"isPartOf\":{\"@id\":\"https:\\\/\\\/www.plugandtrack.com\\\/en\\\/#website\"},\"primaryImageOfPage\":{\"@id\":\"https:\\\/\\\/www.plugandtrack.com\\\/en\\\/senegal-plug-and-track-meets-local-b2b-economic-actors\\\/#primaryimage\"},\"image\":{\"@id\":\"https:\\\/\\\/www.plugandtrack.com\\\/en\\\/senegal-plug-and-track-meets-local-b2b-economic-actors\\\/#primaryimage\"},\"thumbnailUrl\":\"https:\\\/\\\/www.plugandtrack.com\\\/wp-content\\\/uploads\\\/2022\\\/11\\\/Business-France-Senegal-logo-e1667385317392.jpg\",\"datePublished\":\"2022-11-02T11:13:38+00:00\",\"dateModified\":\"2022-11-02T11:14:16+00:00\",\"description\":\"Our Plug and Track team went to Senegal with Business France Senegal to exchange with local B2B economic actors !\",\"inLanguage\":\"en-US\",\"potentialAction\":[{\"@type\":\"ReadAction\",\"target\":[\"https:\\\/\\\/www.plugandtrack.com\\\/en\\\/senegal-plug-and-track-meets-local-b2b-economic-actors\\\/\"]}]},{\"@type\":\"ImageObject\",\"inLanguage\":\"en-US\",\"@id\":\"https:\\\/\\\/www.plugandtrack.com\\\/en\\\/senegal-plug-and-track-meets-local-b2b-economic-actors\\\/#primaryimage\",\"url\":\"https:\\\/\\\/www.plugandtrack.com\\\/wp-content\\\/uploads\\\/2022\\\/11\\\/Business-France-Senegal-logo-e1667385317392.jpg\",\"contentUrl\":\"https:\\\/\\\/www.plugandtrack.com\\\/wp-content\\\/uploads\\\/2022\\\/11\\\/Business-France-Senegal-logo-e1667385317392.jpg\",\"width\":400,\"height\":400,\"caption\":\"Business France Senegal Logo\"},{\"@type\":\"WebSite\",\"@id\":\"https:\\\/\\\/www.plugandtrack.com\\\/en\\\/#website\",\"url\":\"https:\\\/\\\/www.plugandtrack.com\\\/en\\\/\",\"name\":\"Plug and Track\",\"description\":\"Sondes &amp; Enregistreurs de Temp\u00e9rature, Humidit\u00e9. Logiciels de contr\u00f4le et de surveillance avec envoi d&#039;alarmes\",\"publisher\":{\"@id\":\"https:\\\/\\\/www.plugandtrack.com\\\/en\\\/#organization\"},\"potentialAction\":[{\"@type\":\"SearchAction\",\"target\":{\"@type\":\"EntryPoint\",\"urlTemplate\":\"https:\\\/\\\/www.plugandtrack.com\\\/en\\\/?s={search_term_string}\"},\"query-input\":{\"@type\":\"PropertyValueSpecification\",\"valueRequired\":true,\"valueName\":\"search_term_string\"}}],\"inLanguage\":\"en-US\"},{\"@type\":\"Organization\",\"@id\":\"https:\\\/\\\/www.plugandtrack.com\\\/en\\\/#organization\",\"name\":\"PLUG AND TRACK\",\"alternateName\":\"PROGES PLUS\",\"url\":\"https:\\\/\\\/www.plugandtrack.com\\\/en\\\/\",\"logo\":{\"@type\":\"ImageObject\",\"inLanguage\":\"en-US\",\"@id\":\"https:\\\/\\\/www.plugandtrack.com\\\/en\\\/#\\\/schema\\\/logo\\\/image\\\/\",\"url\":\"https:\\\/\\\/www.plugandtrack.com\\\/wp-content\\\/uploads\\\/2020\\\/03\\\/cropped-favicon-pat.png\",\"contentUrl\":\"https:\\\/\\\/www.plugandtrack.com\\\/wp-content\\\/uploads\\\/2020\\\/03\\\/cropped-favicon-pat.png\",\"width\":512,\"height\":512,\"caption\":\"PLUG AND TRACK\"},\"image\":{\"@id\":\"https:\\\/\\\/www.plugandtrack.com\\\/en\\\/#\\\/schema\\\/logo\\\/image\\\/\"},\"sameAs\":[\"https:\\\/\\\/x.com\\\/plugandtrack\",\"https:\\\/\\\/www.linkedin.com\\\/company\\\/plug-and-track\"],\"description\":\"Plug and Track est une entreprise fran\u00e7aise, sp\u00e9cialis\u00e9e dans la surveillance en temps r\u00e9el des temp\u00e9ratures, de l\u2019humidit\u00e9 et d\u2019autres param\u00e8tres physiques essentiels pour divers secteurs tels que la pharmacie, l'agroalimentaire, et la recherche. Les produits de Plug and Track incluent des enregistreurs de temp\u00e9rature comme les Thermo et Hygro Boutons, des sondes de temp\u00e9rature connect\u00e9es en utilisant l\u2019ethernet, les liaisons sans fil, NB-IoT, GSM ausi que des solutions sp\u00e9cialis\u00e9es pour les camions frigorifiques et les serveurs informatiques. Ces dispositifs permettent non seulement un suivi d\u00e9taill\u00e9 mais aussi l'envoi d'alertes automatiques en cas de d\u00e9passements de seuils critiques, assurant ainsi la conformit\u00e9 r\u00e9glementaire et la s\u00e9curit\u00e9 des produits sensibles. Avec une gamme allant des sondes simples aux syst\u00e8mes int\u00e9gr\u00e9s plus complexes, Plug and Track r\u00e9pond aux besoins sp\u00e9cifiques de surveillance, de conformit\u00e9 r\u00e9glementaire, et d\u2019efficacit\u00e9 op\u00e9rationnelle pour ses clients. Leur engagement envers la qualit\u00e9 et l'innovation technologique fait de Plug and Track un leader dans le domaine de la surveillance de conditions critiques.\",\"email\":\"proges@proges.cpm\",\"telephone\":\"+33320646363\",\"legalName\":\"PROGES PLUS\",\"foundingDate\":\"1985-10-01\",\"vatID\":\"FR53333601573\",\"taxID\":\"FR5333360157300046\",\"numberOfEmployees\":{\"@type\":\"QuantitativeValue\",\"minValue\":\"11\",\"maxValue\":\"50\"}},{\"@type\":\"Person\",\"@id\":\"https:\\\/\\\/www.plugandtrack.com\\\/en\\\/#\\\/schema\\\/person\\\/1b2f4834b89f82520c43252a411949ac\",\"name\":\"tqueva\",\"image\":{\"@type\":\"ImageObject\",\"inLanguage\":\"en-US\",\"@id\":\"https:\\\/\\\/secure.gravatar.com\\\/avatar\\\/026264ffbd40926ea429dd415307309029b259060230d55f77e73252badec96a?s=96&d=mm&r=g\",\"url\":\"https:\\\/\\\/secure.gravatar.com\\\/avatar\\\/026264ffbd40926ea429dd415307309029b259060230d55f77e73252badec96a?s=96&d=mm&r=g\",\"contentUrl\":\"https:\\\/\\\/secure.gravatar.com\\\/avatar\\\/026264ffbd40926ea429dd415307309029b259060230d55f77e73252badec96a?s=96&d=mm&r=g\",\"caption\":\"tqueva\"},\"url\":\"https:\\\/\\\/www.plugandtrack.com\\\/en\\\/author\\\/tqueva\\\/\"}]}<\/script>\n<!-- \/ Yoast SEO Premium plugin. -->","yoast_head_json":{"title":"Senegal : Plug and Track meets local B2B economic actors","description":"Our Plug and Track team went to Senegal with Business France Senegal to exchange with local B2B economic actors !","robots":{"index":"index","follow":"follow","max-snippet":"max-snippet:-1","max-image-preview":"max-image-preview:large","max-video-preview":"max-video-preview:-1"},"canonical":"https:\/\/www.plugandtrack.com\/en\/senegal-plug-and-track-meets-local-b2b-economic-actors\/","og_locale":"en_US","og_type":"article","og_title":"Senegal : Plug and Track meets local B2B economic actors - Plug and Track News","og_description":"Our Plug and Track team went to Senegal with Business France Senegal to exchange with local B2B economic actors !","og_url":"https:\/\/www.plugandtrack.com\/en\/senegal-plug-and-track-meets-local-b2b-economic-actors\/","og_site_name":"Plug and Track","article_published_time":"2022-11-02T11:13:38+00:00","article_modified_time":"2022-11-02T11:14:16+00:00","og_image":[{"width":400,"height":400,"url":"https:\/\/www.plugandtrack.com\/wp-content\/uploads\/2022\/11\/Business-France-Senegal-logo-e1667385317392.jpg","type":"image\/jpeg"}],"author":"tqueva","twitter_card":"summary_large_image","twitter_creator":"@plugandtrack","twitter_site":"@plugandtrack","twitter_misc":{"Written by":"tqueva","Est. reading time":"2 minutes"},"schema":{"@context":"https:\/\/schema.org","@graph":[{"@type":"Article","@id":"https:\/\/www.plugandtrack.com\/en\/senegal-plug-and-track-meets-local-b2b-economic-actors\/#article","isPartOf":{"@id":"https:\/\/www.plugandtrack.com\/en\/senegal-plug-and-track-meets-local-b2b-economic-actors\/"},"author":{"name":"tqueva","@id":"https:\/\/www.plugandtrack.com\/en\/#\/schema\/person\/1b2f4834b89f82520c43252a411949ac"},"headline":"Senegal : Plug and Track meets local B2B economic actors","datePublished":"2022-11-02T11:13:38+00:00","dateModified":"2022-11-02T11:14:16+00:00","mainEntityOfPage":{"@id":"https:\/\/www.plugandtrack.com\/en\/senegal-plug-and-track-meets-local-b2b-economic-actors\/"},"wordCount":232,"commentCount":0,"publisher":{"@id":"https:\/\/www.plugandtrack.com\/en\/#organization"},"image":{"@id":"https:\/\/www.plugandtrack.com\/en\/senegal-plug-and-track-meets-local-b2b-economic-actors\/#primaryimage"},"thumbnailUrl":"https:\/\/www.plugandtrack.com\/wp-content\/uploads\/2022\/11\/Business-France-Senegal-logo-e1667385317392.jpg","articleSection":["News"],"inLanguage":"en-US","potentialAction":[{"@type":"CommentAction","name":"Comment","target":["https:\/\/www.plugandtrack.com\/en\/senegal-plug-and-track-meets-local-b2b-economic-actors\/#respond"]}]},{"@type":"WebPage","@id":"https:\/\/www.plugandtrack.com\/en\/senegal-plug-and-track-meets-local-b2b-economic-actors\/","url":"https:\/\/www.plugandtrack.com\/en\/senegal-plug-and-track-meets-local-b2b-economic-actors\/","name":"Senegal : Plug and Track meets local B2B economic actors","isPartOf":{"@id":"https:\/\/www.plugandtrack.com\/en\/#website"},"primaryImageOfPage":{"@id":"https:\/\/www.plugandtrack.com\/en\/senegal-plug-and-track-meets-local-b2b-economic-actors\/#primaryimage"},"image":{"@id":"https:\/\/www.plugandtrack.com\/en\/senegal-plug-and-track-meets-local-b2b-economic-actors\/#primaryimage"},"thumbnailUrl":"https:\/\/www.plugandtrack.com\/wp-content\/uploads\/2022\/11\/Business-France-Senegal-logo-e1667385317392.jpg","datePublished":"2022-11-02T11:13:38+00:00","dateModified":"2022-11-02T11:14:16+00:00","description":"Our Plug and Track team went to Senegal with Business France Senegal to exchange with local B2B economic actors !","inLanguage":"en-US","potentialAction":[{"@type":"ReadAction","target":["https:\/\/www.plugandtrack.com\/en\/senegal-plug-and-track-meets-local-b2b-economic-actors\/"]}]},{"@type":"ImageObject","inLanguage":"en-US","@id":"https:\/\/www.plugandtrack.com\/en\/senegal-plug-and-track-meets-local-b2b-economic-actors\/#primaryimage","url":"https:\/\/www.plugandtrack.com\/wp-content\/uploads\/2022\/11\/Business-France-Senegal-logo-e1667385317392.jpg","contentUrl":"https:\/\/www.plugandtrack.com\/wp-content\/uploads\/2022\/11\/Business-France-Senegal-logo-e1667385317392.jpg","width":400,"height":400,"caption":"Business France Senegal Logo"},{"@type":"WebSite","@id":"https:\/\/www.plugandtrack.com\/en\/#website","url":"https:\/\/www.plugandtrack.com\/en\/","name":"Plug and Track","description":"Sondes &amp; Enregistreurs de Temp\u00e9rature, Humidit\u00e9. Logiciels de contr\u00f4le et de surveillance avec envoi d&#039;alarmes","publisher":{"@id":"https:\/\/www.plugandtrack.com\/en\/#organization"},"potentialAction":[{"@type":"SearchAction","target":{"@type":"EntryPoint","urlTemplate":"https:\/\/www.plugandtrack.com\/en\/?s={search_term_string}"},"query-input":{"@type":"PropertyValueSpecification","valueRequired":true,"valueName":"search_term_string"}}],"inLanguage":"en-US"},{"@type":"Organization","@id":"https:\/\/www.plugandtrack.com\/en\/#organization","name":"PLUG AND TRACK","alternateName":"PROGES PLUS","url":"https:\/\/www.plugandtrack.com\/en\/","logo":{"@type":"ImageObject","inLanguage":"en-US","@id":"https:\/\/www.plugandtrack.com\/en\/#\/schema\/logo\/image\/","url":"https:\/\/www.plugandtrack.com\/wp-content\/uploads\/2020\/03\/cropped-favicon-pat.png","contentUrl":"https:\/\/www.plugandtrack.com\/wp-content\/uploads\/2020\/03\/cropped-favicon-pat.png","width":512,"height":512,"caption":"PLUG AND TRACK"},"image":{"@id":"https:\/\/www.plugandtrack.com\/en\/#\/schema\/logo\/image\/"},"sameAs":["https:\/\/x.com\/plugandtrack","https:\/\/www.linkedin.com\/company\/plug-and-track"],"description":"Plug and Track est une entreprise fran\u00e7aise, sp\u00e9cialis\u00e9e dans la surveillance en temps r\u00e9el des temp\u00e9ratures, de l\u2019humidit\u00e9 et d\u2019autres param\u00e8tres physiques essentiels pour divers secteurs tels que la pharmacie, l'agroalimentaire, et la recherche. Les produits de Plug and Track incluent des enregistreurs de temp\u00e9rature comme les Thermo et Hygro Boutons, des sondes de temp\u00e9rature connect\u00e9es en utilisant l\u2019ethernet, les liaisons sans fil, NB-IoT, GSM ausi que des solutions sp\u00e9cialis\u00e9es pour les camions frigorifiques et les serveurs informatiques. Ces dispositifs permettent non seulement un suivi d\u00e9taill\u00e9 mais aussi l'envoi d'alertes automatiques en cas de d\u00e9passements de seuils critiques, assurant ainsi la conformit\u00e9 r\u00e9glementaire et la s\u00e9curit\u00e9 des produits sensibles. Avec une gamme allant des sondes simples aux syst\u00e8mes int\u00e9gr\u00e9s plus complexes, Plug and Track r\u00e9pond aux besoins sp\u00e9cifiques de surveillance, de conformit\u00e9 r\u00e9glementaire, et d\u2019efficacit\u00e9 op\u00e9rationnelle pour ses clients. Leur engagement envers la qualit\u00e9 et l'innovation technologique fait de Plug and Track un leader dans le domaine de la surveillance de conditions critiques.","email":"proges@proges.cpm","telephone":"+33320646363","legalName":"PROGES PLUS","foundingDate":"1985-10-01","vatID":"FR53333601573","taxID":"FR5333360157300046","numberOfEmployees":{"@type":"QuantitativeValue","minValue":"11","maxValue":"50"}},{"@type":"Person","@id":"https:\/\/www.plugandtrack.com\/en\/#\/schema\/person\/1b2f4834b89f82520c43252a411949ac","name":"tqueva","image":{"@type":"ImageObject","inLanguage":"en-US","@id":"https:\/\/secure.gravatar.com\/avatar\/026264ffbd40926ea429dd415307309029b259060230d55f77e73252badec96a?s=96&d=mm&r=g","url":"https:\/\/secure.gravatar.com\/avatar\/026264ffbd40926ea429dd415307309029b259060230d55f77e73252badec96a?s=96&d=mm&r=g","contentUrl":"https:\/\/secure.gravatar.com\/avatar\/026264ffbd40926ea429dd415307309029b259060230d55f77e73252badec96a?s=96&d=mm&r=g","caption":"tqueva"},"url":"https:\/\/www.plugandtrack.com\/en\/author\/tqueva\/"}]}},"_links":{"self":[{"href":"https:\/\/www.plugandtrack.com\/en\/wp-json\/wp\/v2\/posts\/9807","targetHints":{"allow":["GET"]}}],"collection":[{"href":"https:\/\/www.plugandtrack.com\/en\/wp-json\/wp\/v2\/posts"}],"about":[{"href":"https:\/\/www.plugandtrack.com\/en\/wp-json\/wp\/v2\/types\/post"}],"author":[{"embeddable":true,"href":"https:\/\/www.plugandtrack.com\/en\/wp-json\/wp\/v2\/users\/7"}],"replies":[{"embeddable":true,"href":"https:\/\/www.plugandtrack.com\/en\/wp-json\/wp\/v2\/comments?post=9807"}],"version-history":[{"count":0,"href":"https:\/\/www.plugandtrack.com\/en\/wp-json\/wp\/v2\/posts\/9807\/revisions"}],"wp:featuredmedia":[{"embeddable":true,"href":"https:\/\/www.plugandtrack.com\/en\/wp-json\/wp\/v2\/media\/9804"}],"wp:attachment":[{"href":"https:\/\/www.plugandtrack.com\/en\/wp-json\/wp\/v2\/media?parent=9807"}],"wp:term":[{"taxonomy":"category","embeddable":true,"href":"https:\/\/www.plugandtrack.com\/en\/wp-json\/wp\/v2\/categories?post=9807"},{"taxonomy":"post_tag","embeddable":true,"href":"https:\/\/www.plugandtrack.com\/en\/wp-json\/wp\/v2\/tags?post=9807"}],"curies":[{"name":"wp","href":"https:\/\/api.w.org\/{rel}","templated":true}]}}